{"id":33846,"date":"2018-09-28T11:15:14","date_gmt":"2018-09-28T14:15:14","guid":{"rendered":"https:\/\/www.actualidadadiario.com\/?p=33846"},"modified":"2018-11-06T19:36:11","modified_gmt":"2018-11-06T22:36:11","slug":"la-venta-de-remedios-cayo-un-7-el-nivel-mas-bajo-en-cuatro-anos","status":"publish","type":"post","link":"https:\/\/www.actualidadadiario.com\/index.php\/2018\/09\/28\/la-venta-de-remedios-cayo-un-7-el-nivel-mas-bajo-en-cuatro-anos\/","title":{"rendered":"La venta de remedios cay\u00f3 un 7%, el nivel m\u00e1s bajo en cuatro a\u00f1os"},"content":{"rendered":"<p><em><strong>Desde las farmacias advierten que cada vez se eligen m\u00e1s las marcas baratas o los remedios gen\u00e9ricos<\/strong><\/em><\/p>\n<p>&nbsp;<\/p>\n<p>&nbsp;<\/p>\n<p>&nbsp;<\/p>\n<p>&nbsp;<\/p>\n<p>&nbsp;<\/p>\n<p>Como consecuencia de la crisis econ\u00f3mica, las ventas de remedios cayeron un 7%, el nivel m\u00e1s bajo en cuatro a\u00f1os. En su lugar, los compradores prefieren optar por marcas m\u00e1s baratas o medicamentos gen\u00e9ricos.<\/p>\n<p>&nbsp;<\/p>\n<p>Seg\u00fan lo registrado por el Observatorio de Salud, Medicamentos y Sociedad de la Confederaci\u00f3n Farmac\u00e9utica Argentina (COFA), a partir de abril comenz\u00f3 la ca\u00edda del sector de medicamentos, y continu\u00f3 hasta agosto, mes en que se registr\u00f3 la mayor disminuci\u00f3n.<\/p>\n<p>&nbsp;<\/p>\n<p>En total, las farmacias vendieron un 6,2% menos de medicamentos recetados y un 9,1% menos de los de venta libre, en comparaci\u00f3n con el mismo periodo del 2017. Durante este trimestre, se vendieron alrededor de 14 millones de unidades menos, lo que represent\u00f3 una ca\u00edda interanual del 7%.<\/p>\n<p>&nbsp;<\/p>\n<p>Adem\u00e1s, desde la C\u00e1mara Argentina de Mediana Empresa (CAME), se registr\u00f3 una ca\u00edda del 7%, s\u00f3lo en agosto, de las ventas en farmacias.<\/p>\n<p>&nbsp;<\/p>\n<p>\u201cLos art\u00edculos de cosm\u00e9tica y tocador ya se ven\u00edan comprando menos, pero luego eso empez\u00f3 a pasar con los medicamentos. Llegan pacientes con varias recetas y preguntan cu\u00e1les son los m\u00e1s importantes, porque no pueden comprar todo\u201d, asegur\u00f3 Mar\u00eda Isabel Reinoso, presidenta de la COFA.<\/p>\n<p>&nbsp;<\/p>\n<p>Seg\u00fan se\u00f1alaron los propietarios de los comercios, se priorizan las drogas destinadas a tratar enfermedades cr\u00f3nicas, tales como la artrosis, la hipertensi\u00f3n o la diabetes.<\/p>\n<p>&nbsp;<\/p>\n<p>\u201cHay gente que llega a la farmacia y avisa que tuvo muchos gastos, que no le alcanza para todo lo que le recetaron. Ah\u00ed tratamos de asesorarlos sobre c\u00f3mo hacer cambios con marcas m\u00e1s baratas o que hayan subido menos de precio\u201d, reconoci\u00f3 Rub\u00e9n Sajem, director de la Secci\u00f3n de Farmac\u00e9uticos del Colegio de Farmac\u00e9uticos y Bioqu\u00edmicos de Capital.<\/p>\n<p>&nbsp;<\/p>\n<p>Ante este panorama, las ventas de medicamentos de segundas marcas aumentaron, as\u00ed como tambi\u00e9n las ventas de los locales especializados en los medicamentos low cost. Incluso, en algunos casos, los comercios deciden fiar medicamentos a los clientes m\u00e1s conocidos.<\/p>\n","protected":false},"excerpt":{"rendered":"<p>Desde las farmacias advierten que cada vez se eligen m\u00e1s las marcas baratas o los remedios gen\u00e9ricos &nbsp; &nbsp; &nbsp; &nbsp; &nbsp; Como consecuencia de la crisis econ\u00f3mica, las ventas de remedios cayeron un 7%, el nivel m\u00e1s bajo en cuatro a\u00f1os. En su lugar, los compradores prefieren optar por marcas m\u00e1s baratas o medicamentos gen\u00e9ricos. &nbsp; Seg\u00fan lo registrado por el Observatorio de Salud, Medicamentos y Sociedad de la Confederaci\u00f3n Farmac\u00e9utica Argentina (COFA), a partir de abril comenz\u00f3 la ca\u00edda del sector de medicamentos, y continu\u00f3 hasta agosto, mes&#8230;<\/p>\n","protected":false},"author":3,"featured_media":33847,"comment_status":"closed","ping_status":"closed","sticky":false,"template":"","format":"standard","meta":[],"categories":[2],"tags":[],"_links":{"self":[{"href":"https:\/\/www.actualidadadiario.com\/index.php\/wp-json\/wp\/v2\/posts\/33846"}],"collection":[{"href":"https:\/\/www.actualidadadiario.com\/index.php\/wp-json\/wp\/v2\/posts"}],"about":[{"href":"https:\/\/www.actualidadadiario.com\/index.php\/wp-json\/wp\/v2\/types\/post"}],"author":[{"embeddable":true,"href":"https:\/\/www.actualidadadiario.com\/index.php\/wp-json\/wp\/v2\/users\/3"}],"replies":[{"embeddable":true,"href":"https:\/\/www.actualidadadiario.com\/index.php\/wp-json\/wp\/v2\/comments?post=33846"}],"version-history":[{"count":1,"href":"https:\/\/www.actualidadadiario.com\/index.php\/wp-json\/wp\/v2\/posts\/33846\/revisions"}],"predecessor-version":[{"id":33848,"href":"https:\/\/www.actualidadadiario.com\/index.php\/wp-json\/wp\/v2\/posts\/33846\/revisions\/33848"}],"wp:featuredmedia":[{"embeddable":true,"href":"https:\/\/www.actualidadadiario.com\/index.php\/wp-json\/wp\/v2\/media\/33847"}],"wp:attachment":[{"href":"https:\/\/www.actualidadadiario.com\/index.php\/wp-json\/wp\/v2\/media?parent=33846"}],"wp:term":[{"taxonomy":"category","embeddable":true,"href":"https:\/\/www.actualidadadiario.com\/index.php\/wp-json\/wp\/v2\/categories?post=33846"},{"taxonomy":"post_tag","embeddable":true,"href":"https:\/\/www.actualidadadiario.com\/index.php\/wp-json\/wp\/v2\/tags?post=33846"}],"curies":[{"name":"wp","href":"https:\/\/api.w.org\/{rel}","templated":true}]}}