{"id":33843,"date":"2018-09-28T11:14:34","date_gmt":"2018-09-28T14:14:34","guid":{"rendered":"https:\/\/www.actualidadadiario.com\/?p=33843"},"modified":"2018-11-06T19:36:11","modified_gmt":"2018-11-06T22:36:11","slug":"dos-nuevas-identificaciones-de-soldados-en-malvinas","status":"publish","type":"post","link":"https:\/\/www.actualidadadiario.com\/index.php\/2018\/09\/28\/dos-nuevas-identificaciones-de-soldados-en-malvinas\/","title":{"rendered":"Dos nuevas identificaciones de soldados en Malvinas"},"content":{"rendered":"<p><em><strong>La Secretar\u00eda de Derechos Humanos de la Naci\u00f3n confirm\u00f3 la identificaci\u00f3n de otros dos soldados argentinos ca\u00eddos en la Guerra de Malvinas y enterrados en el cementerio de Darwin<\/strong><\/em><\/p>\n<p>&nbsp;<\/p>\n<p>&nbsp;<\/p>\n<p>&nbsp;<\/p>\n<p>&nbsp;<\/p>\n<p>&nbsp;<\/p>\n<p>La Secretar\u00eda de Derechos Humanos de la Naci\u00f3n confirm\u00f3 la identificaci\u00f3n de otros dos soldados argentinos ca\u00eddos en la Guerra de Malvinas y enterrados en el cementerio de Darwin, lo que eleva a 99 el n\u00famero total de reconocidos. Se trata de los soldados Jorge Alfredo Maciel y Mario Gustavo Rodr\u00edguez, quienes hab\u00edan sido condecorados post mortem con la medalla &#8220;La Naci\u00f3n Argentina al Muerto en Combate&#8221; y declarados h\u00e9roes nacionales.<\/p>\n<p>&nbsp;<\/p>\n<p>Maciel, nacido en San Andr\u00e9s de Giles, ingres\u00f3 en la Infanter\u00eda de Marina como conscripto y fue destinado a la defensa de Monte Longdon, donde perdi\u00f3 la vida durante el combate del 11 de junio de 1982: dos esculturas lo homenajean en su ciudad natal. Rodr\u00edguez, oriundo del partido de Almirante Brown, ten\u00eda 18 a\u00f1os cuando encontr\u00f3 la muerte en Malvinas defendiendo la posici\u00f3n argentina ante el avance ingl\u00e9s.<\/p>\n<p>&nbsp;<\/p>\n<p>En honor al soldado, una plazoleta lleva su nombre en la localidad de Adrogu\u00e9. La notificaci\u00f3n a las familias de ambos soldados estuvo a cargo del equipo interdisciplinario de la Secretar\u00eda en dependencias del Archivo Nacional de la Memoria, ubicado en el predio de la ex ESMA.<\/p>\n<p>&nbsp;<\/p>\n<p>Adem\u00e1s, la Secretar\u00eda inform\u00f3 que en una reuni\u00f3n realizada este mi\u00e9rcoles en la ciudad de Ginebra, Suiza, el Comit\u00e9 de la Cruz Roja Internacional le transmiti\u00f3 al secretario Claudio Avruj la convocatoria para presentar durante el mes de noviembre, junto a los familiares de los soldados y al gobierno del Reino Unido, el Proyecto Plan Humanitario Malvinas como un modelo de procedimiento a seguir por otros pa\u00edses.<\/p>\n<p>&nbsp;<\/p>\n<p>En el encuentro tambi\u00e9n se convers\u00f3 sobre la posibilidad de se contin\u00fae &#8220;promoviendo la cooperaci\u00f3n argentina en materia de identificaci\u00f3n de cuerpos en zonas de conflicto o post- conflicto&#8221;, se inform\u00f3 oficialmente. El caso de Maciel y Rodr\u00edguez eleva a nueve el n\u00famero de soldados identificados tras el hist\u00f3rico viaje que hicieron el pasado 26 de marzo a las islas familiares de los 90 ca\u00eddos reconocidos en una primera instancia, para asistir a la ceremonia en la que se colocaron las placas con los nombres de cada uno.<\/p>\n<p>&nbsp;<\/p>\n<p>La actividad se enmarc\u00f3 en una tarea humanitaria conjunta entre la Argentina, el Reino Unido y la Cruz Roja Internacional, a trav\u00e9s de la cual se identific\u00f3 a los ca\u00eddos, luego de permanecer 36 a\u00f1os en el cementerio con placas que dec\u00edan &#8220;Soldado s\u00f3lo conocido por Dios&#8221;.<\/p>\n","protected":false},"excerpt":{"rendered":"<p>La Secretar\u00eda de Derechos Humanos de la Naci\u00f3n confirm\u00f3 la identificaci\u00f3n de otros dos soldados argentinos ca\u00eddos en la Guerra de Malvinas y enterrados en el cementerio de Darwin &nbsp; &nbsp; &nbsp; &nbsp; &nbsp; La Secretar\u00eda de Derechos Humanos de la Naci\u00f3n confirm\u00f3 la identificaci\u00f3n de otros dos soldados argentinos ca\u00eddos en la Guerra de Malvinas y enterrados en el cementerio de Darwin, lo que eleva a 99 el n\u00famero total de reconocidos. Se trata de los soldados Jorge Alfredo Maciel y Mario Gustavo Rodr\u00edguez, quienes hab\u00edan sido condecorados post&#8230;<\/p>\n","protected":false},"author":3,"featured_media":33844,"comment_status":"closed","ping_status":"closed","sticky":false,"template":"","format":"standard","meta":[],"categories":[2],"tags":[],"_links":{"self":[{"href":"https:\/\/www.actualidadadiario.com\/index.php\/wp-json\/wp\/v2\/posts\/33843"}],"collection":[{"href":"https:\/\/www.actualidadadiario.com\/index.php\/wp-json\/wp\/v2\/posts"}],"about":[{"href":"https:\/\/www.actualidadadiario.com\/index.php\/wp-json\/wp\/v2\/types\/post"}],"author":[{"embeddable":true,"href":"https:\/\/www.actualidadadiario.com\/index.php\/wp-json\/wp\/v2\/users\/3"}],"replies":[{"embeddable":true,"href":"https:\/\/www.actualidadadiario.com\/index.php\/wp-json\/wp\/v2\/comments?post=33843"}],"version-history":[{"count":1,"href":"https:\/\/www.actualidadadiario.com\/index.php\/wp-json\/wp\/v2\/posts\/33843\/revisions"}],"predecessor-version":[{"id":33845,"href":"https:\/\/www.actualidadadiario.com\/index.php\/wp-json\/wp\/v2\/posts\/33843\/revisions\/33845"}],"wp:featuredmedia":[{"embeddable":true,"href":"https:\/\/www.actualidadadiario.com\/index.php\/wp-json\/wp\/v2\/media\/33844"}],"wp:attachment":[{"href":"https:\/\/www.actualidadadiario.com\/index.php\/wp-json\/wp\/v2\/media?parent=33843"}],"wp:term":[{"taxonomy":"category","embeddable":true,"href":"https:\/\/www.actualidadadiario.com\/index.php\/wp-json\/wp\/v2\/categories?post=33843"},{"taxonomy":"post_tag","embeddable":true,"href":"https:\/\/www.actualidadadiario.com\/index.php\/wp-json\/wp\/v2\/tags?post=33843"}],"curies":[{"name":"wp","href":"https:\/\/api.w.org\/{rel}","templated":true}]}}