{"id":33837,"date":"2018-09-28T11:12:05","date_gmt":"2018-09-28T14:12:05","guid":{"rendered":"https:\/\/www.actualidadadiario.com\/?p=33837"},"modified":"2018-11-06T19:36:11","modified_gmt":"2018-11-06T22:36:11","slug":"la-pobreza-alcanzo-el-273-y-hay-mas-de-11-millones-de-pobres","status":"publish","type":"post","link":"https:\/\/www.actualidadadiario.com\/index.php\/2018\/09\/28\/la-pobreza-alcanzo-el-273-y-hay-mas-de-11-millones-de-pobres\/","title":{"rendered":"La pobreza alcanz\u00f3 el 27,3% y hay m\u00e1s de 11 millones de pobres"},"content":{"rendered":"<p><em><strong>Seg\u00fan las cifras reveladas por el Indec, hay 750.000 m\u00e1s personas en situaci\u00f3n de pobreza si se compara con seis meses atr\u00e1s<\/strong><\/em><\/p>\n<p>&nbsp;<\/p>\n<p>&nbsp;<\/p>\n<p>&nbsp;<\/p>\n<p>&nbsp;<\/p>\n<p>En 6 meses la pobreza aument\u00f3 del 25,7% al 27,3% de la poblaci\u00f3n urbana. Son 11.150.000 pobres. De ese total, la indigencia creci\u00f3 del 4,8 al 4,9%, unos 100.000 indigentes m\u00e1s de acuerdo a los datos del INDEC.<\/p>\n<p>&nbsp;<\/p>\n<p>Esto pas\u00f3 por el deterioro de los ingresos de la gente, la mayor inflaci\u00f3n y la menor ocupaci\u00f3n, y se descuenta que marcar\u00e1 un incremento de ambos indicadores sociales claves.<\/p>\n<p>&nbsp;<\/p>\n<p>Si se incluye la poblaci\u00f3n rural, el total de pobres alcanzar\u00eda 12.500.000 personas.<\/p>\n<p>&nbsp;<\/p>\n<p>La anterior medici\u00f3n del INDEC, del segundo semestre de 2017, arroj\u00f3 una pobreza del 25,7%, equivalente a 10.400.000 pobres. En tanto, de esos totales, la indigencia fue del 4,8% y 1.900.000 indigentes.<\/p>\n<p>&nbsp;<\/p>\n<p>La presidencia de Mauricio Macri arranc\u00f3 con una pobreza del 32,2% en el segundo trimestre de 2016, para disminuir al 30,3% en el segundo semestre de ese a\u00f1o, al 28,6% en el primer semestre de 2017 y al 25,7% en la segunda mitad de ese a\u00f1o.<\/p>\n<p>&nbsp;<\/p>\n<p>El INDEC no difundi\u00f3 datos anteriores \u201cdado que, conforme a la emergencia estad\u00edstica, el INDEC ha dispuesto que las series publicadas con posterioridad al primer trimestre de 2007 y hasta el cuarto trimestre de 2015, deben ser consideradas con reservas\u201d.<\/p>\n<p>&nbsp;<\/p>\n<p>Al abarcar la primera mitad de 2018, las cifras oficiales comprenden un primer trimestre positivo \u2013con aumento de la actividad y el empleo- con un segundo donde cay\u00f3 muy fuerte la producci\u00f3n m\u00e1s all\u00e1 de la sequ\u00eda, aument\u00f3 el desempleo, se dispar\u00f3 la inflaci\u00f3n y hubo una ca\u00edda muy fuerte de la ocupaci\u00f3n y de los ingresos de los asalariados informales.<\/p>\n<p>&nbsp;<\/p>\n<p>En consecuencia el aumento de la pobreza y la indigencia est\u00e1 amortiguado por los datos de principios de a\u00f1o.<\/p>\n<p>&nbsp;<\/p>\n<p>Para la segunda mitad de este a\u00f1o se descuenta que la pobreza seguir\u00e1 en aumento porque se espera una ca\u00edda de la actividad de entre el 3 y 4% y un incremento de la inflaci\u00f3n, con salarios y jubilaciones rezagados. Ese dato se conocer\u00e1 reci\u00e9n en marzo de 2019.<\/p>\n","protected":false},"excerpt":{"rendered":"<p>Seg\u00fan las cifras reveladas por el Indec, hay 750.000 m\u00e1s personas en situaci\u00f3n de pobreza si se compara con seis meses atr\u00e1s &nbsp; &nbsp; &nbsp; &nbsp; En 6 meses la pobreza aument\u00f3 del 25,7% al 27,3% de la poblaci\u00f3n urbana. Son 11.150.000 pobres. De ese total, la indigencia creci\u00f3 del 4,8 al 4,9%, unos 100.000 indigentes m\u00e1s de acuerdo a los datos del INDEC. &nbsp; Esto pas\u00f3 por el deterioro de los ingresos de la gente, la mayor inflaci\u00f3n y la menor ocupaci\u00f3n, y se descuenta que marcar\u00e1 un incremento&#8230;<\/p>\n","protected":false},"author":3,"featured_media":33838,"comment_status":"closed","ping_status":"closed","sticky":false,"template":"","format":"standard","meta":[],"categories":[9],"tags":[],"_links":{"self":[{"href":"https:\/\/www.actualidadadiario.com\/index.php\/wp-json\/wp\/v2\/posts\/33837"}],"collection":[{"href":"https:\/\/www.actualidadadiario.com\/index.php\/wp-json\/wp\/v2\/posts"}],"about":[{"href":"https:\/\/www.actualidadadiario.com\/index.php\/wp-json\/wp\/v2\/types\/post"}],"author":[{"embeddable":true,"href":"https:\/\/www.actualidadadiario.com\/index.php\/wp-json\/wp\/v2\/users\/3"}],"replies":[{"embeddable":true,"href":"https:\/\/www.actualidadadiario.com\/index.php\/wp-json\/wp\/v2\/comments?post=33837"}],"version-history":[{"count":1,"href":"https:\/\/www.actualidadadiario.com\/index.php\/wp-json\/wp\/v2\/posts\/33837\/revisions"}],"predecessor-version":[{"id":33839,"href":"https:\/\/www.actualidadadiario.com\/index.php\/wp-json\/wp\/v2\/posts\/33837\/revisions\/33839"}],"wp:featuredmedia":[{"embeddable":true,"href":"https:\/\/www.actualidadadiario.com\/index.php\/wp-json\/wp\/v2\/media\/33838"}],"wp:attachment":[{"href":"https:\/\/www.actualidadadiario.com\/index.php\/wp-json\/wp\/v2\/media?parent=33837"}],"wp:term":[{"taxonomy":"category","embeddable":true,"href":"https:\/\/www.actualidadadiario.com\/index.php\/wp-json\/wp\/v2\/categories?post=33837"},{"taxonomy":"post_tag","embeddable":true,"href":"https:\/\/www.actualidadadiario.com\/index.php\/wp-json\/wp\/v2\/tags?post=33837"}],"curies":[{"name":"wp","href":"https:\/\/api.w.org\/{rel}","templated":true}]}}