{"id":33829,"date":"2018-09-28T11:09:06","date_gmt":"2018-09-28T14:09:06","guid":{"rendered":"https:\/\/www.actualidadadiario.com\/?p=33829"},"modified":"2018-11-06T19:36:11","modified_gmt":"2018-11-06T22:36:11","slug":"fabrica-de-gualeguaychu-detuvo-su-produccion-por-dos-semanas","status":"publish","type":"post","link":"https:\/\/www.actualidadadiario.com\/index.php\/2018\/09\/28\/fabrica-de-gualeguaychu-detuvo-su-produccion-por-dos-semanas\/","title":{"rendered":"F\u00e1brica de Gualeguaych\u00fa detuvo su producci\u00f3n por dos semanas"},"content":{"rendered":"<p><em><strong>Se trata de la empresa productora de neum\u00e1ticos de bicicletas y motos Imperial Cord. Detuvo su producci\u00f3n el lunes 24 de septiembre y reanudar\u00e1 sus actividades el 8 de octubre. Las causas son por la baja en las ventas e importaciones de productos a precios m\u00e1s bajos<\/strong><\/em><\/p>\n<p>&nbsp;<\/p>\n<p>&nbsp;<\/p>\n<p>&nbsp;<\/p>\n<p>Los directivos de la firma decidieron detener su producci\u00f3n al encontrarse con un gran stock de mercader\u00eda, que por la reducci\u00f3n del consumo interno y las importaciones de c\u00e1maras de bicicletas y motos m\u00e1s baratas, le es dif\u00edcil competir.<\/p>\n<p>&nbsp;<\/p>\n<p>Este proceso de apertura econ\u00f3mica afect\u00f3 seriamente a la empresa, que a partir del 2016 se vio obligada a implementar un plan de achique de personal, lo que le vali\u00f3 fuertes reclamos sindicales.<\/p>\n<p>&nbsp;<\/p>\n<p>El proceso de reducci\u00f3n del plantel laboral continu\u00f3 durante el 2017 y en el transcurso de este a\u00f1o. En su mejor momento (2003-2011), Imperial Cord lleg\u00f3 a tener un plantel laboral de 150 personas. Hoy llega a 50 trabajadores y durante 15 d\u00edas se ver\u00e1 obligada a reducirles el salario en un 30 por ciento.<\/p>\n<p>&nbsp;<\/p>\n<p>Seg\u00fan informaron a El Argentino fuentes cercanas a la empresa, para evitar que el salario de los trabajadores siga perdiendo m\u00e1s poder adquisitivo, los directivos le anunciaron que habr\u00e1 un adelanto en la recomposici\u00f3n salarial en el marco de la reapertura de las paritarias que en diferentes sectores gremiales se espera que se produzca en octubre.<\/p>\n<p>&nbsp;<\/p>\n<p>La empresa comenz\u00f3 a producir en la ciudad en 2002, tras comprar las instalaciones de Gomitel. A 16 a\u00f1os de haberse asentado en el Parque Industrial, Imperial Cord se encuentra en un momento dif\u00edcil al no poder colocar su producci\u00f3n en un mercado nacional cada vez m\u00e1s deprimido, y con costos internos en permanente suba que la termina dejando fuera de competencia con los productos importados.<\/p>\n<p>&nbsp;<\/p>\n<p>El anuncio de que la planta hab\u00eda parado su producci\u00f3n el lunes pasado, lo hizo p\u00fablico el secretario gremial del sindicato del Caucho Alfredo Migueles, durante el cabildo abierto de la CGT el martes 25 de septiembre en el marco del paro general de actividades.<\/p>\n<p>&nbsp;<\/p>\n<p>\u201cEn esta \u00e9poca del a\u00f1o tendr\u00edamos que haber estado trabajando horas extras y tendremos dos semanas que vamos a estar parados. Tendr\u00edamos que estar haciendo 25 mil c\u00e1maras por mes, pero en estos momentos estamos haciendo menos de 3 mil, trabajamos a p\u00e9rdida, es una empresa que podr\u00eda tener cien empleados pero ahora estamos la mitad\u201d, hab\u00eda manifestado el dirigente gremial.<\/p>\n","protected":false},"excerpt":{"rendered":"<p>Se trata de la empresa productora de neum\u00e1ticos de bicicletas y motos Imperial Cord. Detuvo su producci\u00f3n el lunes 24 de septiembre y reanudar\u00e1 sus actividades el 8 de octubre. Las causas son por la baja en las ventas e importaciones de productos a precios m\u00e1s bajos &nbsp; &nbsp; &nbsp; Los directivos de la firma decidieron detener su producci\u00f3n al encontrarse con un gran stock de mercader\u00eda, que por la reducci\u00f3n del consumo interno y las importaciones de c\u00e1maras de bicicletas y motos m\u00e1s baratas, le es dif\u00edcil competir. &nbsp;&#8230;<\/p>\n","protected":false},"author":3,"featured_media":33830,"comment_status":"closed","ping_status":"closed","sticky":false,"template":"","format":"standard","meta":[],"categories":[15],"tags":[],"_links":{"self":[{"href":"https:\/\/www.actualidadadiario.com\/index.php\/wp-json\/wp\/v2\/posts\/33829"}],"collection":[{"href":"https:\/\/www.actualidadadiario.com\/index.php\/wp-json\/wp\/v2\/posts"}],"about":[{"href":"https:\/\/www.actualidadadiario.com\/index.php\/wp-json\/wp\/v2\/types\/post"}],"author":[{"embeddable":true,"href":"https:\/\/www.actualidadadiario.com\/index.php\/wp-json\/wp\/v2\/users\/3"}],"replies":[{"embeddable":true,"href":"https:\/\/www.actualidadadiario.com\/index.php\/wp-json\/wp\/v2\/comments?post=33829"}],"version-history":[{"count":1,"href":"https:\/\/www.actualidadadiario.com\/index.php\/wp-json\/wp\/v2\/posts\/33829\/revisions"}],"predecessor-version":[{"id":33831,"href":"https:\/\/www.actualidadadiario.com\/index.php\/wp-json\/wp\/v2\/posts\/33829\/revisions\/33831"}],"wp:featuredmedia":[{"embeddable":true,"href":"https:\/\/www.actualidadadiario.com\/index.php\/wp-json\/wp\/v2\/media\/33830"}],"wp:attachment":[{"href":"https:\/\/www.actualidadadiario.com\/index.php\/wp-json\/wp\/v2\/media?parent=33829"}],"wp:term":[{"taxonomy":"category","embeddable":true,"href":"https:\/\/www.actualidadadiario.com\/index.php\/wp-json\/wp\/v2\/categories?post=33829"},{"taxonomy":"post_tag","embeddable":true,"href":"https:\/\/www.actualidadadiario.com\/index.php\/wp-json\/wp\/v2\/tags?post=33829"}],"curies":[{"name":"wp","href":"https:\/\/api.w.org\/{rel}","templated":true}]}}