{"id":33823,"date":"2018-09-28T11:07:38","date_gmt":"2018-09-28T14:07:38","guid":{"rendered":"https:\/\/www.actualidadadiario.com\/?p=33823"},"modified":"2018-11-06T19:36:11","modified_gmt":"2018-11-06T22:36:11","slug":"bordet-gestiono-ante-nacion-por-las-viviendas-sociales-que-se-construyen-en-entre-rios","status":"publish","type":"post","link":"https:\/\/www.actualidadadiario.com\/index.php\/2018\/09\/28\/bordet-gestiono-ante-nacion-por-las-viviendas-sociales-que-se-construyen-en-entre-rios\/","title":{"rendered":"Bordet gestion\u00f3 ante Naci\u00f3n por las viviendas sociales que se construyen en Entre R\u00edos"},"content":{"rendered":"<p><em><strong>El gobernador Gustavo Bordet se reuni\u00f3 con el secretario de Vivienda de la Naci\u00f3n, Iv\u00e1n Kerr, para interiorizarse del avance de las obras de viviendas sociales en la provincia y acelerar el env\u00edo de fondos<\/strong><\/em><\/p>\n<p>&nbsp;<\/p>\n<p>&nbsp;<\/p>\n<p>&nbsp;<\/p>\n<p>&nbsp;<\/p>\n<p>Al respecto, la diputada nacional del Cambiemos, Alicia Fregonese, quien particip\u00f3 del encuentro que se realiz\u00f3 en la sede de la Secretar\u00eda de Viviendas de la Naci\u00f3n, precis\u00f3 que el mandatario y el funcionario nacional &#8220;se juntaron para poder hablar sobre el avance de todas las obras que se est\u00e1n haciendo en municipios y en las cooperativas\u201d.<\/p>\n<p>&nbsp;<\/p>\n<p>\u201cFue muy positivo el encuentro porque yo valoro sobremanera el trabajo que se puede hacer entre Naci\u00f3n y las provincias, el di\u00e1logo, porque todos tenemos un objetivo que es ayudar a que la gente y que est\u00e9 mejor&#8221;, subray\u00f3.<\/p>\n<p>&nbsp;<\/p>\n<p>La legisladora indic\u00f3 que \u201cEntre R\u00edos tiene distintos programas de viviendas y, adem\u00e1s, cuenta con un Instituto de Vivienda. Son varios los programas que tiene Naci\u00f3n con la provincia y varias las posibilidades que hoy est\u00e1n surgiendo para ayudar a que la provincia siga con la construcci\u00f3n de viviendas&#8221;.<\/p>\n<p>&nbsp;<\/p>\n<p>Luego, precis\u00f3: \u201cEl sentido de la reuni\u00f3n fue ver c\u00f3mo est\u00e1n avanzando las obras. El gobernador pudo escuchar del secretario Kerr cu\u00e1l es el estado de situaci\u00f3n de la provincia, qu\u00e9 es lo que necesita cada obra para poder terminarse y qu\u00e9 es lo que se est\u00e1 pensando trabajar de manera conjunta con la provincia para el a\u00f1o que viene&#8221;.<\/p>\n<p>&nbsp;<\/p>\n<p>&#8220;Me parece bien que al gobernador se interiorice personalmente sobre todos los temas y para Naci\u00f3n es muy importante saber que la provincia est\u00e1 haciendo las cosas que tiene que hacer y las rendiciones para poder seguir avanzando&#8221;, subray\u00f3.<\/p>\n<p>&nbsp;<\/p>\n<p>Por \u00faltimo, Fregonese se\u00f1al\u00f3: \u201cEs importante que Naci\u00f3n trabaje con la provincia y que se trate de mejorar la situaci\u00f3n de la gente y que quienes sean parte de los equipos est\u00e9n enfocados en ese sentido. Me parece muy valioso que Naci\u00f3n, provincia y municipios podamos trabajar juntos\u201d.<\/p>\n","protected":false},"excerpt":{"rendered":"<p>El gobernador Gustavo Bordet se reuni\u00f3 con el secretario de Vivienda de la Naci\u00f3n, Iv\u00e1n Kerr, para interiorizarse del avance de las obras de viviendas sociales en la provincia y acelerar el env\u00edo de fondos &nbsp; &nbsp; &nbsp; &nbsp; Al respecto, la diputada nacional del Cambiemos, Alicia Fregonese, quien particip\u00f3 del encuentro que se realiz\u00f3 en la sede de la Secretar\u00eda de Viviendas de la Naci\u00f3n, precis\u00f3 que el mandatario y el funcionario nacional &#8220;se juntaron para poder hablar sobre el avance de todas las obras que se est\u00e1n haciendo&#8230;<\/p>\n","protected":false},"author":3,"featured_media":33824,"comment_status":"closed","ping_status":"closed","sticky":false,"template":"","format":"standard","meta":[],"categories":[15],"tags":[],"_links":{"self":[{"href":"https:\/\/www.actualidadadiario.com\/index.php\/wp-json\/wp\/v2\/posts\/33823"}],"collection":[{"href":"https:\/\/www.actualidadadiario.com\/index.php\/wp-json\/wp\/v2\/posts"}],"about":[{"href":"https:\/\/www.actualidadadiario.com\/index.php\/wp-json\/wp\/v2\/types\/post"}],"author":[{"embeddable":true,"href":"https:\/\/www.actualidadadiario.com\/index.php\/wp-json\/wp\/v2\/users\/3"}],"replies":[{"embeddable":true,"href":"https:\/\/www.actualidadadiario.com\/index.php\/wp-json\/wp\/v2\/comments?post=33823"}],"version-history":[{"count":1,"href":"https:\/\/www.actualidadadiario.com\/index.php\/wp-json\/wp\/v2\/posts\/33823\/revisions"}],"predecessor-version":[{"id":33825,"href":"https:\/\/www.actualidadadiario.com\/index.php\/wp-json\/wp\/v2\/posts\/33823\/revisions\/33825"}],"wp:featuredmedia":[{"embeddable":true,"href":"https:\/\/www.actualidadadiario.com\/index.php\/wp-json\/wp\/v2\/media\/33824"}],"wp:attachment":[{"href":"https:\/\/www.actualidadadiario.com\/index.php\/wp-json\/wp\/v2\/media?parent=33823"}],"wp:term":[{"taxonomy":"category","embeddable":true,"href":"https:\/\/www.actualidadadiario.com\/index.php\/wp-json\/wp\/v2\/categories?post=33823"},{"taxonomy":"post_tag","embeddable":true,"href":"https:\/\/www.actualidadadiario.com\/index.php\/wp-json\/wp\/v2\/tags?post=33823"}],"curies":[{"name":"wp","href":"https:\/\/api.w.org\/{rel}","templated":true}]}}