{"id":33820,"date":"2018-09-28T11:06:47","date_gmt":"2018-09-28T14:06:47","guid":{"rendered":"https:\/\/www.actualidadadiario.com\/?p=33820"},"modified":"2018-11-06T19:36:16","modified_gmt":"2018-11-06T22:36:16","slug":"precios-cuidados-aseguran-que-no-esta-completamente-vigente-en-entre-rios","status":"publish","type":"post","link":"https:\/\/www.actualidadadiario.com\/index.php\/2018\/09\/28\/precios-cuidados-aseguran-que-no-esta-completamente-vigente-en-entre-rios\/","title":{"rendered":"Precios cuidados: aseguran que no est\u00e1 completamente vigente en Entre R\u00edos"},"content":{"rendered":"<p><em><strong>El titular de Defensa del Consumidor de la Provincia, Juan Carlos Albornoz, detall\u00f3 c\u00f3mo fue la implementaci\u00f3n de la nueva etapa del programa en Entre R\u00edos. Advirti\u00f3 que a\u00fan est\u00e1n a la espera de los listados oficiales<\/strong><\/em><\/p>\n<p>&nbsp;<\/p>\n<p>&nbsp;<\/p>\n<p>&nbsp;<\/p>\n<p>&nbsp;<\/p>\n<p>&nbsp;<\/p>\n<p>Se\u00f1al\u00f3 que \u201cen pocos d\u00edas se han ido sumando las grandes cadenas de supermercados y aquellas medianas como D\u00eda, que tiene m\u00e1s llegada a los barrios\u201d. No obstante, Albornoz indic\u00f3 que \u201ctodav\u00eda no est\u00e1n los listados oficiales completos\u201d, por lo que el programa no se pudo implementar en su totalidad.<\/p>\n<p>&nbsp;<\/p>\n<p>A pesar de esto, desde Defensa del Consumidor ya comenzaron con las inspecciones. Al respecto, inform\u00f3 que en una primera instancia visitar\u00e1n los locales adheridos y de no encontrar los productos que fueron publicados, se proceder\u00e1 a emitir una advertencia, que de no ser corregida para una segunda visita, se aplicar\u00e1 una sanci\u00f3n.<\/p>\n<p>&nbsp;<\/p>\n<p>En este punto, resalt\u00f3 el rol de los vecinos, ya que se registran muchos llamados al 0800 dispuesto para radicar denuncias ante la falta de productos.<\/p>\n<p>&nbsp;<\/p>\n<p>Albornoz resalt\u00f3 que el acuerdo alcanzado con los due\u00f1os de las grandes cadenas de supermercados contempla la publicaci\u00f3n del listado de productos disponibles en la entrada de los locales y su respectiva se\u00f1alizaci\u00f3n en la g\u00f3ndola.<\/p>\n<p>&nbsp;<\/p>\n<p>&nbsp;<\/p>\n<p><strong>Nuevas incorporaciones<\/strong><\/p>\n<p>Albornoz explic\u00f3 que los supermercados m\u00e1s peque\u00f1os y aquellos de origen asi\u00e1tico hab\u00edan quedado afuera del acuerdo inicial. En este sentido, se\u00f1al\u00f3 que \u00e9sta fue una de las inquietudes que se trataron en la reuni\u00f3n que las provincias tuvieron este lunes con representantes de la Secretar\u00eda de Comercio de la Naci\u00f3n y de la Secretar\u00eda de Defensa del Consumidor.<\/p>\n<p>&nbsp;<\/p>\n<p>\u201cNos informaron que est\u00e1n en tratativas con la Federaci\u00f3n Argentina de Supermercados y Autoservicios y la C\u00e1mara de Supermercados y Autoservicios y que esta semana tendr\u00edan el listado de autoservicios que no forman parte de las grandes cadenas y que se van a sumar al programa\u201d, adelant\u00f3 Albornoz, al mismo tiempo que aclar\u00f3 que no tendr\u00e1n la misma cantidad de productos.<\/p>\n<p>&nbsp;<\/p>\n<p>Adem\u00e1s, hizo especial hincapi\u00e9 en que los precios son de referencia: \u201cEsto quiere decir que el cliente va a encontrar productos m\u00e1s baratos y m\u00e1s caros en la g\u00f3ndola, pero el objetivo es que los m\u00e1s bajos no se disparen hacia arriba, ni los m\u00e1s caros suban tanto\u201d, dijo y recalc\u00f3 la importancia de que los productos con precios de referencia efectivamente est\u00e9n.<\/p>\n","protected":false},"excerpt":{"rendered":"<p>El titular de Defensa del Consumidor de la Provincia, Juan Carlos Albornoz, detall\u00f3 c\u00f3mo fue la implementaci\u00f3n de la nueva etapa del programa en Entre R\u00edos. Advirti\u00f3 que a\u00fan est\u00e1n a la espera de los listados oficiales &nbsp; &nbsp; &nbsp; &nbsp; &nbsp; Se\u00f1al\u00f3 que \u201cen pocos d\u00edas se han ido sumando las grandes cadenas de supermercados y aquellas medianas como D\u00eda, que tiene m\u00e1s llegada a los barrios\u201d. No obstante, Albornoz indic\u00f3 que \u201ctodav\u00eda no est\u00e1n los listados oficiales completos\u201d, por lo que el programa no se pudo implementar en&#8230;<\/p>\n","protected":false},"author":3,"featured_media":33821,"comment_status":"closed","ping_status":"closed","sticky":false,"template":"","format":"standard","meta":[],"categories":[15],"tags":[],"_links":{"self":[{"href":"https:\/\/www.actualidadadiario.com\/index.php\/wp-json\/wp\/v2\/posts\/33820"}],"collection":[{"href":"https:\/\/www.actualidadadiario.com\/index.php\/wp-json\/wp\/v2\/posts"}],"about":[{"href":"https:\/\/www.actualidadadiario.com\/index.php\/wp-json\/wp\/v2\/types\/post"}],"author":[{"embeddable":true,"href":"https:\/\/www.actualidadadiario.com\/index.php\/wp-json\/wp\/v2\/users\/3"}],"replies":[{"embeddable":true,"href":"https:\/\/www.actualidadadiario.com\/index.php\/wp-json\/wp\/v2\/comments?post=33820"}],"version-history":[{"count":1,"href":"https:\/\/www.actualidadadiario.com\/index.php\/wp-json\/wp\/v2\/posts\/33820\/revisions"}],"predecessor-version":[{"id":33822,"href":"https:\/\/www.actualidadadiario.com\/index.php\/wp-json\/wp\/v2\/posts\/33820\/revisions\/33822"}],"wp:featuredmedia":[{"embeddable":true,"href":"https:\/\/www.actualidadadiario.com\/index.php\/wp-json\/wp\/v2\/media\/33821"}],"wp:attachment":[{"href":"https:\/\/www.actualidadadiario.com\/index.php\/wp-json\/wp\/v2\/media?parent=33820"}],"wp:term":[{"taxonomy":"category","embeddable":true,"href":"https:\/\/www.actualidadadiario.com\/index.php\/wp-json\/wp\/v2\/categories?post=33820"},{"taxonomy":"post_tag","embeddable":true,"href":"https:\/\/www.actualidadadiario.com\/index.php\/wp-json\/wp\/v2\/tags?post=33820"}],"curies":[{"name":"wp","href":"https:\/\/api.w.org\/{rel}","templated":true}]}}