{"id":33817,"date":"2018-09-28T11:05:32","date_gmt":"2018-09-28T14:05:32","guid":{"rendered":"https:\/\/www.actualidadadiario.com\/?p=33817"},"modified":"2018-11-06T19:36:16","modified_gmt":"2018-11-06T22:36:16","slug":"indec-mientras-la-pobreza-aumento-a-nivel-nacional-en-concordia-volvio-a-marcar-una-baja","status":"publish","type":"post","link":"https:\/\/www.actualidadadiario.com\/index.php\/2018\/09\/28\/indec-mientras-la-pobreza-aumento-a-nivel-nacional-en-concordia-volvio-a-marcar-una-baja\/","title":{"rendered":"INDEC: Mientras la pobreza aument\u00f3 a nivel nacional en Concordia volvi\u00f3 a marcar una baja"},"content":{"rendered":"<p><em><strong>Seg\u00fan notific\u00f3 -este jueves- el Instituto Nacional de Estad\u00edsticas y Censos, Concordia acumula cuatro informes semestrales consecutivos con bajas del \u00edndice de pobreza. Lo que no pudo seguir con la misma tendencia fue la indigencia<\/strong><\/em><\/p>\n<p>&nbsp;<\/p>\n<p>&nbsp;<\/p>\n<p>&nbsp;<\/p>\n<p>&nbsp;<\/p>\n<p>&nbsp;<\/p>\n<p>Desde que en el a\u00f1o 2016 se reanudaron los informes oficiales -luego de la suspensi\u00f3n en 2013- el INDEC volvi\u00f3 a publicar los datos que grafican la Incidencia de la Pobreza y la Indigencia a nivel pa\u00eds y los espec\u00edficos de cada distrito.<\/p>\n<p>&nbsp;<\/p>\n<p>De all\u00ed surge que en el primer informe correspondiente al \u00faltimo semestre del 2016, el distrito de Concordia aparec\u00eda con un 43,6% de su poblaci\u00f3n sumida en la pobreza, que se redujo al 42,0% en la primera mitad del 2017 y pas\u00f3 al 36,1% en el \u00faltimo semestre de ese mismo a\u00f1o.<\/p>\n<p>&nbsp;<\/p>\n<p>Ahora, el INDEC dio a conocer los datos computados al primer semestre del a\u00f1o 2018, donde Concordia vuelve a tener una merma en su porcentaje de personas por debajo de la l\u00ednea de pobreza, ubic\u00e1ndose con un 34,7%. Igualmente, con esta cifra Concordia sigue entre las ciudades m\u00e1s perjudicadas con el flagelo, aunque ahora se ubica por debajo de Santiago del Estero y de Corrientes.<\/p>\n<p>&nbsp;<\/p>\n<p>Con un escenario m\u00e1s c\u00f3modo (al concentrar la administraci\u00f3n p\u00fablica provincial) la ciudad de Paran\u00e1 puede mostrar \u00edndices menores, sin embargo, tuvo un aumento en su porcentaje de pobreza, que pas\u00f3 de un 18,6% con el que cerr\u00f3 el 2017, a un 23,1% en el primer semestre del 2018.<\/p>\n<p>&nbsp;<\/p>\n<p>&nbsp;<\/p>\n<p><strong>Indigencia<\/strong><\/p>\n<p>Para el INDEC, el concepto de \u201cl\u00ednea de indigencia\u201d comprende a los hogares que no cuentan con ingresos suficientes como para cubrir una m\u00ednima canasta de alimentos.<\/p>\n<p>&nbsp;<\/p>\n<p>En estas mediciones, Concordia tambi\u00e9n tra\u00eda una tendencia de baja desde el a\u00f1o 2016, cuando computaba un 8,7% de la poblaci\u00f3n bajo esa l\u00ednea. Un dato que se redujo al 7,8% en la primera mitad del 2017 y que a su vez sigui\u00f3 bajando para llegar al 4,8% al final de ese mismo 2017.<\/p>\n<p>&nbsp;<\/p>\n<p>Pero esa tendencia decreciente se fren\u00f3 en este 2018, cuando volvi\u00f3 a subir, para quedar en un 6,7%.<\/p>\n<p>&nbsp;<\/p>\n<p>Distinto es lo que el INDEC informa para el distrito de la capital de la provincia, en materia de indigencia, ya que Paran\u00e1 ha tenido en estos dos a\u00f1os un continua curva ascendente, hasta llegar incluso a superar a la ciudad de Concordia en lo que respecta a indigencia.<\/p>\n<p>&nbsp;<\/p>\n<p>Es as\u00ed que Paran\u00e1 cerraba el a\u00f1o 2016 con un 2,4% de indigencia entre su poblaci\u00f3n. Un dato que subi\u00f3 al 4,8% en la primera mitad del 2017 y que tuvo un descenso al 3,7% en el segundo semestre del mismo a\u00f1o.<\/p>\n<p>&nbsp;<\/p>\n<p>Pero en el informe dado a conocer este jueves, el INDEC informa que Paran\u00e1 tiene un 7,5% de personas por debajo de la l\u00ednea de indigencia.<\/p>\n","protected":false},"excerpt":{"rendered":"<p>Seg\u00fan notific\u00f3 -este jueves- el Instituto Nacional de Estad\u00edsticas y Censos, Concordia acumula cuatro informes semestrales consecutivos con bajas del \u00edndice de pobreza. Lo que no pudo seguir con la misma tendencia fue la indigencia &nbsp; &nbsp; &nbsp; &nbsp; &nbsp; Desde que en el a\u00f1o 2016 se reanudaron los informes oficiales -luego de la suspensi\u00f3n en 2013- el INDEC volvi\u00f3 a publicar los datos que grafican la Incidencia de la Pobreza y la Indigencia a nivel pa\u00eds y los espec\u00edficos de cada distrito. &nbsp; De all\u00ed surge que en el&#8230;<\/p>\n","protected":false},"author":3,"featured_media":33818,"comment_status":"closed","ping_status":"closed","sticky":false,"template":"","format":"standard","meta":[],"categories":[9],"tags":[],"_links":{"self":[{"href":"https:\/\/www.actualidadadiario.com\/index.php\/wp-json\/wp\/v2\/posts\/33817"}],"collection":[{"href":"https:\/\/www.actualidadadiario.com\/index.php\/wp-json\/wp\/v2\/posts"}],"about":[{"href":"https:\/\/www.actualidadadiario.com\/index.php\/wp-json\/wp\/v2\/types\/post"}],"author":[{"embeddable":true,"href":"https:\/\/www.actualidadadiario.com\/index.php\/wp-json\/wp\/v2\/users\/3"}],"replies":[{"embeddable":true,"href":"https:\/\/www.actualidadadiario.com\/index.php\/wp-json\/wp\/v2\/comments?post=33817"}],"version-history":[{"count":1,"href":"https:\/\/www.actualidadadiario.com\/index.php\/wp-json\/wp\/v2\/posts\/33817\/revisions"}],"predecessor-version":[{"id":33819,"href":"https:\/\/www.actualidadadiario.com\/index.php\/wp-json\/wp\/v2\/posts\/33817\/revisions\/33819"}],"wp:featuredmedia":[{"embeddable":true,"href":"https:\/\/www.actualidadadiario.com\/index.php\/wp-json\/wp\/v2\/media\/33818"}],"wp:attachment":[{"href":"https:\/\/www.actualidadadiario.com\/index.php\/wp-json\/wp\/v2\/media?parent=33817"}],"wp:term":[{"taxonomy":"category","embeddable":true,"href":"https:\/\/www.actualidadadiario.com\/index.php\/wp-json\/wp\/v2\/categories?post=33817"},{"taxonomy":"post_tag","embeddable":true,"href":"https:\/\/www.actualidadadiario.com\/index.php\/wp-json\/wp\/v2\/tags?post=33817"}],"curies":[{"name":"wp","href":"https:\/\/api.w.org\/{rel}","templated":true}]}}