{"id":33814,"date":"2018-09-28T11:04:33","date_gmt":"2018-09-28T14:04:33","guid":{"rendered":"https:\/\/www.actualidadadiario.com\/?p=33814"},"modified":"2018-11-06T19:36:16","modified_gmt":"2018-11-06T22:36:16","slug":"la-provincia-destina-millonaria-inversion-en-gas-natural-energia-electrica-y-fibra-optica-para-el-norte-entrerriano","status":"publish","type":"post","link":"https:\/\/www.actualidadadiario.com\/index.php\/2018\/09\/28\/la-provincia-destina-millonaria-inversion-en-gas-natural-energia-electrica-y-fibra-optica-para-el-norte-entrerriano\/","title":{"rendered":"La provincia destina millonaria inversi\u00f3n en gas natural, energ\u00eda el\u00e9ctrica y fibra \u00f3ptica para el norte entrerriano"},"content":{"rendered":"<p><em><strong>El gobierno provincial llam\u00f3 a licitaci\u00f3n internacional para terminar el cierre energ\u00e9tico del norte entrerriano con obras de gas, l\u00edneas de alta tensi\u00f3n y fibra \u00f3ptica. Al menos el 60 por ciento de la mano de obra que se contrate en la construcci\u00f3n deber\u00e1 ser de la zona<\/strong><\/em><\/p>\n<p>&nbsp;<\/p>\n<p>&nbsp;<\/p>\n<p>&nbsp;<\/p>\n<p>&nbsp;<\/p>\n<p>&nbsp;<\/p>\n<p>&#8220;Esta infraestructura sienta las bases para el crecimiento equitativo, la radicaci\u00f3n de industrias y la creaci\u00f3n de fuentes de trabajo\u201d, expres\u00f3 el gobernador Gustavo Bordet.<\/p>\n<p>&nbsp;<\/p>\n<p>\u201cEl desarrollo econ\u00f3mico, productivo y social del norte entrerriano es una deuda que la provincia arrastra desde hace muchos a\u00f1os. Si hoy podemos dar cumplimiento es gracias a un gran trabajo que requiri\u00f3 mucho esfuerzo y mucha articulaci\u00f3n, y que logramos hacer a pesar de toda esta situaci\u00f3n macroec\u00f3mica que nos toca atravesar\u201d, indic\u00f3.<\/p>\n<p>&nbsp;<\/p>\n<p>Adem\u00e1s, \u201cesta obra que contempla el tendido de la red de alta tensi\u00f3n, la conexi\u00f3n entre los dos gasoductos troncales y hasta 200 kil\u00f3metros de fibra \u00f3ptica, por lo que resulta un avance realmente vertebral para el desarrollo futuro de Entre R\u00edos. Por eso decimos que sienta las bases para el crecimiento equitativo de las distintas ciudades y departamentos que componen el territorio provincial, para la radicaci\u00f3n de industrias y por lo tanto, para la creaci\u00f3n de fuentes de trabajo\u201d, agreg\u00f3 el mandatario.<\/p>\n<p>&nbsp;<\/p>\n<p>En esa l\u00ednea, Bordet destac\u00f3 adem\u00e1s que \u201cla posibilidad de conseguir el financiamiento que una obra de este tipo requiere est\u00e1 dada en gran medida por la solidez de la situaci\u00f3n fiscal y financiera que hoy podemos mostrar en la provincia\u201d, y agreg\u00f3: \u201cEs el beneficio de llevar adelante una administraci\u00f3n ordenada y transparente, que no gasta por encima de sus posibilidades. Los entrerrianos coincidimos en que cada paso que queramos dar siempre tiene que ser en firme\u201d.<\/p>\n<p>&nbsp;<\/p>\n<p>El cierre norte el\u00e9ctrico consiste en la construcci\u00f3n de 90 kil\u00f3metros de l\u00ednea de alta tensi\u00f3n en 132 kV, con nuevas estaciones transformadoras en La Paz y Federal, y repotenciaciones tecnol\u00f3gicas en tres subestaciones: Los Conquistadores, El Pingo y Santa Elena. Adem\u00e1s, se prev\u00e9 el tendido de m\u00e1s de 200 kil\u00f3metros de fibra \u00f3ptica a lo largo de toda la obra. La inversi\u00f3n asciende a 65 millones de d\u00f3lares<\/p>\n<p>&nbsp;<\/p>\n<p>En tanto, el cierre norte gas\u00edfero, formalmente llamado Gasoducto Productivo III del Noreste Entrerriano, consiste en la interconexi\u00f3n de los dos gasoductos centrales que tiene la provincia a trav\u00e9s de una extensi\u00f3n aproximada de 50 kil\u00f3metros de redes. La inversi\u00f3n, en este caso, ser\u00e1 de 35 millones de d\u00f3lares.<\/p>\n<p>&nbsp;<\/p>\n<p>Los pliegos de ambos llamados a licitaci\u00f3n estar\u00e1n disponibles a partir de este jueves, mientras que la fecha para la apertura de sobres ser\u00e1 el 19 de octubre.<\/p>\n<p>&nbsp;<\/p>\n<p>Por su parte, secretario de Energ\u00eda, Jorge Gonz\u00e1lez, destac\u00f3 la obra del cierre norte el\u00e9ctrico, y sostuvo que \u201cfue el propio gobernador quien abri\u00f3 en su momento los sobres del primer tramo, Los Conquistadores \u2013 Federal. Ahora se podr\u00e1 concretar el tramo final, Federal \u2013 La Paz\u201d.<\/p>\n<p>&nbsp;<\/p>\n<p>Gonz\u00e1lez coincidi\u00f3 en que se trata de \u201cuna obra estrat\u00e9gica y emblem\u00e1tica, ya que permite contar con una mayor disponibilidad de potencia en toda la zona norte de nuestra provincia\u201d. \u201cAdem\u00e1s, hace que el sistema radial de interconexi\u00f3n que tenemos hoy trabaje como un sistema anillado de doble alimentaci\u00f3n, lo que posibilita que, ante cualquier falla se pueda trabajar desde un lado u otro del sistema y poder reponer el suministro en un tiempo sustancialmente menor\u201d, apunto Gonz\u00e1lez.<\/p>\n<p>&nbsp;<\/p>\n<p>Por otra parte, Gonz\u00e1lez, que tambi\u00e9n preside Enersa, resalt\u00f3 que \u201cla provincia cuenta hoy con un plan de desarrollo gas\u00edfero que cubre un 70 por ciento del territorio\u201d, y que \u201csu tendido es posible gracias al Fondo de Desarrollo Energ\u00e9tico\u201d.<\/p>\n<p>&nbsp;<\/p>\n<p>En cuanto al cierre gas\u00edfero del norte entrerriano, Gonz\u00e1lez explic\u00f3 que \u201ca partir de esta nueva obra, se van a poder alimentar las localidades restantes del norte de Entre R\u00edos y hacer las nuevas redes de distribuci\u00f3n para que el sector residencial tenga acceso al gas natural. Adem\u00e1s, significa mayor caudal de gas para el desarrollo de los sectores productivos industriales y comerciales de influencia\u201d.<\/p>\n<p>&nbsp;<\/p>\n<p>&nbsp;<\/p>\n<p><strong>Mano de obra local<\/strong><\/p>\n<p>Para ambos desarrollos, el gobierno de la provincia puso como condici\u00f3n que como m\u00ednimo el 60 por ciento de la mano de obra contratada por las empresas sea gente de la zona. Tanto de manera directa, a trav\u00e9s de las inversiones propiamente dichas, como indirecta, mediante las contratistas.<\/p>\n<p>&nbsp;<\/p>\n<p>\u201cEstas obras s\u00f3lo pueden ser posibles en una provincia como la nuestra, ordenada y que tiene la posibilidad de planificar a largo plazo, como las que se enmarcan en el Plan Energ\u00e9tico a 10 A\u00f1os que impulsara el propio Gobierno de Entre R\u00edos. No solamente impactan en el desarrollo de infraestructura el\u00e9ctrica y gas\u00edfera, sino que generan empleo y demandan nuevas inversiones productivas\u201d, se\u00f1al\u00f3.<\/p>\n<p>&nbsp;<\/p>\n<p>\u201cTambi\u00e9n es una obra que provoca un cierre en su tendido. Hay dos gasoductos troncales que parten de Aldea Brasilera: uno va hacia el norte y pasa por Los Conquistadores, y otro va hasta Concepci\u00f3n del Uruguay y despu\u00e9s sube con sus correspondientes ramales hasta Chajar\u00ed\u201d, refiri\u00f3 finalmente.<\/p>\n","protected":false},"excerpt":{"rendered":"<p>El gobierno provincial llam\u00f3 a licitaci\u00f3n internacional para terminar el cierre energ\u00e9tico del norte entrerriano con obras de gas, l\u00edneas de alta tensi\u00f3n y fibra \u00f3ptica. Al menos el 60 por ciento de la mano de obra que se contrate en la construcci\u00f3n deber\u00e1 ser de la zona &nbsp; &nbsp; &nbsp; &nbsp; &nbsp; &#8220;Esta infraestructura sienta las bases para el crecimiento equitativo, la radicaci\u00f3n de industrias y la creaci\u00f3n de fuentes de trabajo\u201d, expres\u00f3 el gobernador Gustavo Bordet. &nbsp; \u201cEl desarrollo econ\u00f3mico, productivo y social del norte entrerriano es una&#8230;<\/p>\n","protected":false},"author":3,"featured_media":0,"comment_status":"closed","ping_status":"closed","sticky":false,"template":"","format":"standard","meta":[],"categories":[9],"tags":[],"_links":{"self":[{"href":"https:\/\/www.actualidadadiario.com\/index.php\/wp-json\/wp\/v2\/posts\/33814"}],"collection":[{"href":"https:\/\/www.actualidadadiario.com\/index.php\/wp-json\/wp\/v2\/posts"}],"about":[{"href":"https:\/\/www.actualidadadiario.com\/index.php\/wp-json\/wp\/v2\/types\/post"}],"author":[{"embeddable":true,"href":"https:\/\/www.actualidadadiario.com\/index.php\/wp-json\/wp\/v2\/users\/3"}],"replies":[{"embeddable":true,"href":"https:\/\/www.actualidadadiario.com\/index.php\/wp-json\/wp\/v2\/comments?post=33814"}],"version-history":[{"count":1,"href":"https:\/\/www.actualidadadiario.com\/index.php\/wp-json\/wp\/v2\/posts\/33814\/revisions"}],"predecessor-version":[{"id":33816,"href":"https:\/\/www.actualidadadiario.com\/index.php\/wp-json\/wp\/v2\/posts\/33814\/revisions\/33816"}],"wp:attachment":[{"href":"https:\/\/www.actualidadadiario.com\/index.php\/wp-json\/wp\/v2\/media?parent=33814"}],"wp:term":[{"taxonomy":"category","embeddable":true,"href":"https:\/\/www.actualidadadiario.com\/index.php\/wp-json\/wp\/v2\/categories?post=33814"},{"taxonomy":"post_tag","embeddable":true,"href":"https:\/\/www.actualidadadiario.com\/index.php\/wp-json\/wp\/v2\/tags?post=33814"}],"curies":[{"name":"wp","href":"https:\/\/api.w.org\/{rel}","templated":true}]}}