{"id":33806,"date":"2018-09-27T11:32:50","date_gmt":"2018-09-27T14:32:50","guid":{"rendered":"https:\/\/www.actualidadadiario.com\/?p=33806"},"modified":"2018-11-06T19:36:16","modified_gmt":"2018-11-06T22:36:16","slug":"la-renuncia-de-los-fundadores-de-instagram-deja-las-manos-libres-a-zuckerberg","status":"publish","type":"post","link":"https:\/\/www.actualidadadiario.com\/index.php\/2018\/09\/27\/la-renuncia-de-los-fundadores-de-instagram-deja-las-manos-libres-a-zuckerberg\/","title":{"rendered":"La renuncia de los fundadores de Instagram deja las manos libres a Zuckerberg"},"content":{"rendered":"<p><em><strong>Kevin Systrom y Mike Krieger abandonaron la empresa y el creador de Facebook podr\u00e1 realizar los cambios que tiene pensados sin oposici\u00f3n<\/strong><\/em><\/p>\n<p>&nbsp;<\/p>\n<p>&nbsp;<\/p>\n<p>&nbsp;<\/p>\n<p>&nbsp;<\/p>\n<p>Durante el tiempo que se tom\u00f3 por paternidad este mes, Kevin Systrom, de Instagram, tuvo tiempo de reflexionar sobre la cantidad de peque\u00f1as formas en que Facebok hab\u00eda empezado a imponer su voluntad en la aplicaci\u00f3n de fotos compartidas que \u00e9l contribuy\u00f3 a fundar.<\/p>\n<p>&nbsp;<\/p>\n<p>La compa\u00f1\u00eda matriz pidi\u00f3 este a\u00f1o que Instagram proporcionara indicios de que impulsar\u00eda el tr\u00e1fico y el contenido publicitario hacia su red social principal. Por su parte, Facebook retir\u00f3 algunos de los links para bajar Instagram a partir de la aplicaci\u00f3n de Facebook.<\/p>\n<p>&nbsp;<\/p>\n<p>Facebook tambi\u00e9n quer\u00eda una mayor influencia en funciones de Instagram como las ventas de avisos, reduciendo as\u00ed las posibilidades de crecimiento del personal de la aplicaci\u00f3n el a\u00f1o pr\u00f3ximo. Luego, en julio, el CEO Mark Zuckerberg pareci\u00f3 atribuirse el \u00e9xito de Instagram en la conferencia telef\u00f3nica sobre las ganancias de la compa\u00f1\u00eda.<\/p>\n<p>&nbsp;<\/p>\n<p>Systrom y su cofundador, Mike Krieger, hab\u00edan pasado seis a\u00f1os dirigiendo Instagram como una divisi\u00f3n de Facebook al tiempo que instrumentaban su propia visi\u00f3n para la aplicaci\u00f3n, incluso cuando eso estaba por momentos en conflicto con las ideas de Zuckerberg.<\/p>\n<p>&nbsp;<\/p>\n<p>En los \u00faltimos tiempos Facebook se hab\u00eda mostrado inflexible en su presi\u00f3n por datos compartidos, integraciones de productos y otras decisiones que beneficiar\u00edan a toda la compa\u00f1\u00eda, dijeron las personas, que pidieron que no se revelara su identidad al hablar sobre la din\u00e1mica interna. Cuando Systrom se reintegr\u00f3 al trabajo esta semana, anunci\u00f3 junto con Krieger anunciaron su salida del gigante de medios sociales. Facebook no estaba preparada para la noticia.<\/p>\n<p>&nbsp;<\/p>\n<p>\u201cConstruir cosas nuevas exige que demos un paso atr\u00e1s, que entendamos qu\u00e9 es lo que nos inspira y que lo conjuguemos con lo que el mundo necesita\u201d, escribi\u00f3 Systrom sin mencionar a Zuckerberg. \u201cQueremos ver qu\u00e9 hacen a continuaci\u00f3n esas compa\u00f1\u00edas extraordinarias e innovadoras\u201d.<\/p>\n<p>&nbsp;<\/p>\n<p>Utiliz\u00f3 el plural \u2013\u201ccompa\u00f1\u00edas\u201d- por m\u00e1s que, sin \u00e9l ni Krieger, lo m\u00e1s probable es que Instagram deje de ser una entidad tan separada. La salida de los fundadores allana el camino para que Zuckerberg concrete su idea de promoci\u00f3n cruzada entre lo que llama una \u201cfamilia de aplicaciones\u201d, el grupo que conforman Facebook, WhatsApp, Instagram y Messenger.<\/p>\n<p>&nbsp;<\/p>\n<p>Es probable que Instagram se integre m\u00e1s al compartir algunos equipos y metas de productos con Facebook, dijeron personas familiarizadas con el tema. Ya nadie tendr\u00e1 la autoridad de un fundador para oponerse a las ideas de Zuckerberg con una visi\u00f3n para el futuro y la marca de la aplicaci\u00f3n. Si bien la mayor absorci\u00f3n de Instagram podr\u00eda contribuir a que Facebook alcanzara los objetivos que se ha fijado para el aporte de la aplicaci\u00f3n a las metas de crecimiento de los ingresos, tambi\u00e9n podr\u00eda amenazar la cultura espec\u00edfica que los fundadores de Instagram buscaban preservar. En un contexto de creciente atenci\u00f3n a las pr\u00e1cticas de informaci\u00f3n de Facebook y a su papel en la difusi\u00f3n de informaci\u00f3n falsa y discursos de odio, la gente se ha volcado a Instagram como alternativa. Todo cambio en el sentido de un mayor parecido con Facebook podr\u00eda poner en peligro precisamente aquello que ha atra\u00eddo nuevos usuarios y los ha hecho permanecer en Instagram.<\/p>\n<p>&nbsp;<\/p>\n<p>Representantes de Facebok dijeron que no ten\u00edan comentarios m\u00e1s all\u00e1 de una declaraci\u00f3n de Zuckerberg del lunes por la noche. Las acciones de Facebook experimentaron pocos cambios el mi\u00e9rcoles por la ma\u00f1ana en Nueva York. Han bajado casi 7 por ciento este a\u00f1o y se encaminan a la primera declinaci\u00f3n anual desde 2012, el a\u00f1o de la salida a bolsa de la compa\u00f1\u00eda.<\/p>\n","protected":false},"excerpt":{"rendered":"<p>Kevin Systrom y Mike Krieger abandonaron la empresa y el creador de Facebook podr\u00e1 realizar los cambios que tiene pensados sin oposici\u00f3n &nbsp; &nbsp; &nbsp; &nbsp; Durante el tiempo que se tom\u00f3 por paternidad este mes, Kevin Systrom, de Instagram, tuvo tiempo de reflexionar sobre la cantidad de peque\u00f1as formas en que Facebok hab\u00eda empezado a imponer su voluntad en la aplicaci\u00f3n de fotos compartidas que \u00e9l contribuy\u00f3 a fundar. &nbsp; La compa\u00f1\u00eda matriz pidi\u00f3 este a\u00f1o que Instagram proporcionara indicios de que impulsar\u00eda el tr\u00e1fico y el contenido publicitario&#8230;<\/p>\n","protected":false},"author":3,"featured_media":33807,"comment_status":"closed","ping_status":"closed","sticky":false,"template":"","format":"standard","meta":[],"categories":[4],"tags":[],"_links":{"self":[{"href":"https:\/\/www.actualidadadiario.com\/index.php\/wp-json\/wp\/v2\/posts\/33806"}],"collection":[{"href":"https:\/\/www.actualidadadiario.com\/index.php\/wp-json\/wp\/v2\/posts"}],"about":[{"href":"https:\/\/www.actualidadadiario.com\/index.php\/wp-json\/wp\/v2\/types\/post"}],"author":[{"embeddable":true,"href":"https:\/\/www.actualidadadiario.com\/index.php\/wp-json\/wp\/v2\/users\/3"}],"replies":[{"embeddable":true,"href":"https:\/\/www.actualidadadiario.com\/index.php\/wp-json\/wp\/v2\/comments?post=33806"}],"version-history":[{"count":1,"href":"https:\/\/www.actualidadadiario.com\/index.php\/wp-json\/wp\/v2\/posts\/33806\/revisions"}],"predecessor-version":[{"id":33808,"href":"https:\/\/www.actualidadadiario.com\/index.php\/wp-json\/wp\/v2\/posts\/33806\/revisions\/33808"}],"wp:featuredmedia":[{"embeddable":true,"href":"https:\/\/www.actualidadadiario.com\/index.php\/wp-json\/wp\/v2\/media\/33807"}],"wp:attachment":[{"href":"https:\/\/www.actualidadadiario.com\/index.php\/wp-json\/wp\/v2\/media?parent=33806"}],"wp:term":[{"taxonomy":"category","embeddable":true,"href":"https:\/\/www.actualidadadiario.com\/index.php\/wp-json\/wp\/v2\/categories?post=33806"},{"taxonomy":"post_tag","embeddable":true,"href":"https:\/\/www.actualidadadiario.com\/index.php\/wp-json\/wp\/v2\/tags?post=33806"}],"curies":[{"name":"wp","href":"https:\/\/api.w.org\/{rel}","templated":true}]}}