{"id":33803,"date":"2018-09-27T11:32:12","date_gmt":"2018-09-27T14:32:12","guid":{"rendered":"https:\/\/www.actualidadadiario.com\/?p=33803"},"modified":"2018-11-06T19:36:16","modified_gmt":"2018-11-06T22:36:16","slug":"a-casi-30-anos-siguen-las-diferencias-entre-la-alemania-del-este-y-del-oeste","status":"publish","type":"post","link":"https:\/\/www.actualidadadiario.com\/index.php\/2018\/09\/27\/a-casi-30-anos-siguen-las-diferencias-entre-la-alemania-del-este-y-del-oeste\/","title":{"rendered":"A casi 30 a\u00f1os, siguen las diferencias entre la Alemania del Este y del Oeste"},"content":{"rendered":"<p><em><strong>Ya no existe el muro, pero s\u00ed las diferencias entre los propios alemanes de un lado y del otro<\/strong><\/em><\/p>\n<p>&nbsp;<\/p>\n<p>&nbsp;<\/p>\n<p>&nbsp;<\/p>\n<p>&nbsp;<\/p>\n<p>La brecha entre el este y el oeste de Alemania todav\u00eda est\u00e1 presente, a 28 a\u00f1os de la reunificaci\u00f3n alemana, a pesar de un acercamiento progresivo y constante. As\u00ed surge del informe de gobierno publicado hoy por el subsecretario de Econom\u00eda Christian Hirte, en Berl\u00edn.<\/p>\n<p>&nbsp;<\/p>\n<p>La econom\u00eda de la ex Alemania Oriental est\u00e1 recuperando terreno respecto a la de Occidente, pero todos los gastos medios en los considerados &#8220;nuevos Leander&#8221; son inferiores respecto a aquellos del oeste, as\u00ed como la productividad del este es inferior respecto al oeste.<\/p>\n<p>&nbsp;<\/p>\n<p>Esta informaci\u00f3n econ\u00f3mica va acompa\u00f1ada de un problema de autopercepci\u00f3n de los habitantes de Oriente, dijo Hirte: desde la ca\u00edda del muro &#8220;muchas personas en el este se ven como ciudadanos de segunda clase, se sienten dejados atr\u00e1s&#8221;. La abrumadora mayor\u00eda de los alemanes de los nuevos Laender argumenta que &#8220;la percepci\u00f3n de los medios ha magnificado el problema del Este&#8221;. Sobre todo en referencia a los disturbios que tuvieron lugar en Chemnitz en manifestaciones ultraderechistas. La mayor\u00eda de ellos no tiene nada que ver con &#8220;la locura de la derecha radical&#8221;, dice en el reporte.<\/p>\n<p>&nbsp;<\/p>\n<p>&nbsp;<\/p>\n<p><strong>La era Merkel<\/strong><\/p>\n<p>La canciller alemana, Angela Merkel, trat\u00f3 hoy de zanjar las presiones al descartar someterse a un voto de confianza en el Parlamento, tras la derrota de uno de sus m\u00e1s estrechos colaboradores como jefe de su grupo parlamentario, integrado por las Uniones Cristiano Dem\u00f3crata y Cristiano Social de Baviera.<\/p>\n<p>&nbsp;<\/p>\n<p>La sorpresiva victoria de Ralph Brinkhaus como l\u00edder del grupo parlamentario conservador CDU\/CSU caus\u00f3 la salida, despu\u00e9s de 13 a\u00f1os en el puesto, de Volker Kauder, una de las personas m\u00e1s cercanas a Merkel.<\/p>\n<p>&nbsp;<\/p>\n<p>Ante esa situaci\u00f3n, se baraj\u00f3 la posibilidad de que Merkel se sometiera a una moci\u00f3n de confianza, ante lo cual el portavoz gubernamental, Steffen Seibert, lanz\u00f3 un &#8220;no&#8221; en conversaci\u00f3n con la prensa.<\/p>\n<p>&nbsp;<\/p>\n<p>En Alemania, algunos diarios llegaron a hablar del &#8220;fin de la era Merkel&#8221;, o especularon con una salida anticipada, pero, seg\u00fan el portavoz, la canciller &#8220;est\u00e1 trabajando para seguir con todas sus fuerzas el gobierno&#8221;.<\/p>\n","protected":false},"excerpt":{"rendered":"<p>Ya no existe el muro, pero s\u00ed las diferencias entre los propios alemanes de un lado y del otro &nbsp; &nbsp; &nbsp; &nbsp; La brecha entre el este y el oeste de Alemania todav\u00eda est\u00e1 presente, a 28 a\u00f1os de la reunificaci\u00f3n alemana, a pesar de un acercamiento progresivo y constante. As\u00ed surge del informe de gobierno publicado hoy por el subsecretario de Econom\u00eda Christian Hirte, en Berl\u00edn. &nbsp; La econom\u00eda de la ex Alemania Oriental est\u00e1 recuperando terreno respecto a la de Occidente, pero todos los gastos medios en&#8230;<\/p>\n","protected":false},"author":3,"featured_media":33804,"comment_status":"closed","ping_status":"closed","sticky":false,"template":"","format":"standard","meta":[],"categories":[4],"tags":[],"_links":{"self":[{"href":"https:\/\/www.actualidadadiario.com\/index.php\/wp-json\/wp\/v2\/posts\/33803"}],"collection":[{"href":"https:\/\/www.actualidadadiario.com\/index.php\/wp-json\/wp\/v2\/posts"}],"about":[{"href":"https:\/\/www.actualidadadiario.com\/index.php\/wp-json\/wp\/v2\/types\/post"}],"author":[{"embeddable":true,"href":"https:\/\/www.actualidadadiario.com\/index.php\/wp-json\/wp\/v2\/users\/3"}],"replies":[{"embeddable":true,"href":"https:\/\/www.actualidadadiario.com\/index.php\/wp-json\/wp\/v2\/comments?post=33803"}],"version-history":[{"count":1,"href":"https:\/\/www.actualidadadiario.com\/index.php\/wp-json\/wp\/v2\/posts\/33803\/revisions"}],"predecessor-version":[{"id":33805,"href":"https:\/\/www.actualidadadiario.com\/index.php\/wp-json\/wp\/v2\/posts\/33803\/revisions\/33805"}],"wp:featuredmedia":[{"embeddable":true,"href":"https:\/\/www.actualidadadiario.com\/index.php\/wp-json\/wp\/v2\/media\/33804"}],"wp:attachment":[{"href":"https:\/\/www.actualidadadiario.com\/index.php\/wp-json\/wp\/v2\/media?parent=33803"}],"wp:term":[{"taxonomy":"category","embeddable":true,"href":"https:\/\/www.actualidadadiario.com\/index.php\/wp-json\/wp\/v2\/categories?post=33803"},{"taxonomy":"post_tag","embeddable":true,"href":"https:\/\/www.actualidadadiario.com\/index.php\/wp-json\/wp\/v2\/tags?post=33803"}],"curies":[{"name":"wp","href":"https:\/\/api.w.org\/{rel}","templated":true}]}}