{"id":33800,"date":"2018-09-27T11:31:26","date_gmt":"2018-09-27T14:31:26","guid":{"rendered":"https:\/\/www.actualidadadiario.com\/?p=33800"},"modified":"2018-11-06T19:36:16","modified_gmt":"2018-11-06T22:36:16","slug":"lopez-obrador-anuncio-que-creara-una-comision-de-la-verdad-en-mexico","status":"publish","type":"post","link":"https:\/\/www.actualidadadiario.com\/index.php\/2018\/09\/27\/lopez-obrador-anuncio-que-creara-una-comision-de-la-verdad-en-mexico\/","title":{"rendered":"L\u00f3pez Obrador anunci\u00f3 que crear\u00e1 una Comisi\u00f3n de la Verdad en M\u00e9xico"},"content":{"rendered":"<p><em><strong>A cuatro a\u00f1os de la desaparici\u00f3n de los 43 estudiantes normalistas de Ayotzinapa, el mandatario electo se reuni\u00f3 con los familiares y se comprometi\u00f3 a esclarecer el caso, que sigue impune. Los padres se mostraron esperanzados<\/strong><\/em><\/p>\n<p>&nbsp;<\/p>\n<p>&nbsp;<\/p>\n<p>&nbsp;<\/p>\n<p>&nbsp;<\/p>\n<p>Al cumplirse cuatro a\u00f1os de la desaparici\u00f3n de los 43 normalistas de Ayotzinapa, el presidente electo de M\u00e9xico, Andr\u00e9s Manuel L\u00f3pez Obrador, se reuni\u00f3 con los padres de los estudiantes y se comprometi\u00f3 a crear una Comisi\u00f3n de la Verdad. Adem\u00e1s, emitir\u00e1 un decreto el pr\u00f3ximo 1 de diciembre, que asegure la cooperaci\u00f3n de la Administraci\u00f3n P\u00fablica Federal en la investigaci\u00f3n. Como tercer compromiso, asegur\u00f3 que su gobierno pedir\u00e1 ayuda a organismos internacionales como la Organizaci\u00f3n de las Naciones Unidas (ONU), la Comisi\u00f3n Nacional de los Derechos Humanos (CNDH), y el Grupo Internacional de Expertos Independientes (GIEI) para resolver el caso.<\/p>\n<p>&nbsp;<\/p>\n<p>Luego de dos horas y media de reuni\u00f3n, Obrador asumi\u00f3 los tres compromisos y los familiares se mostraron esperanzados. \u201cHasta el d\u00eda de hoy, el esclarecimiento de la verdad hab\u00eda sido un obst\u00e1culo. Sin embargo, en la reuni\u00f3n Obrador hizo tres propuestas y dio instrucciones muy precisas. Su posici\u00f3n me pareci\u00f3 muy acertada. A pesar de que digan que crear una Comisi\u00f3n no es legal, vamos a hacer todo lo posible por saber la verdad. Hoy s\u00ed tenemos esperanzas\u201d, afirm\u00f3 el t\u00edo de Julio C\u00e9sar Mongrad\u00f3n Fontes, estudiante de la escuela rural de Ayotzinapa, cuyo cuerpo encontraron a 400 metros del C4, un centro de organizaci\u00f3n y control donde se realizan actividades de inteligencia. Julio C\u00e9sar llevaba dos meses en la Normal de Ayotzinapa cuando lo mataron la noche del 26 de septiembre de 2014.\u00a0 Sus t\u00edos y sus abuelos tambi\u00e9n hab\u00edan asistido a la misma escuela rural. \u201cJulio ten\u00eda ese sue\u00f1o, esa ilusi\u00f3n de perseguir los pasos de la familia, donde la mayor\u00eda son profesores normales rurales\u201d, relat\u00f3 su hermano Leni mientras esperaba la llegada de los dem\u00e1s familiares al monumento del \u00c1ngel de la Independencia. \u201cMi hermano quer\u00eda contribuir al pa\u00eds, era muy inquieto y muy cr\u00edtico. Le molestaban muchos las injusticias\u201d record\u00f3 Leni.<\/p>\n<p>&nbsp;<\/p>\n<p>Hace cuatro a\u00f1os, 43 estudiantes de la escuela rural se dirig\u00edan en colectivo a Iguala, en la provincia de Guerrero, para recaudar fondos y asistir a la movilizaci\u00f3n que recuerda a los estudiantes asesinados en Tlatelolco en 1968. La versi\u00f3n oficial que ofreci\u00f3 el gobierno de Enrique Pe\u00f1a Nieto, afirma que los j\u00f3venes hab\u00edan sido atacados y detenidos por policial municipales y luego entregados al c\u00e1rtel criminal de Guerreros Unidos, quienes los habr\u00edan incinerado en la ciudad contigua de Cocula. Sin embargo hasta la fecha no encontraron sus restos, ni hubo responsables.\u00a0 No obstante, la participaci\u00f3n del Grupo Interdisciplinario de Expertos Independientes (GIEI) y del Equipo Argentino de Antropolog\u00eda Forense (EAAF), fue importante en la investigaci\u00f3n de los hechos, debido a que demostraron irregularidades en la investigaci\u00f3n oficial. Los investigadores acusaron al gobierno de obstruir el trabajo de los profesionales.<\/p>\n<p>&nbsp;<\/p>\n<p>En la tarde de ayer, cientos de universitarios, organizaciones sociales y personas no agrupadas se fueron acercando al monumento al Angel, para luego dirigirse a la plaza del Z\u00f3calo. Envueltos en banderas que exig\u00edan la aparici\u00f3n de los desaparecidos, los estudiantes de la Universidad Aut\u00f3noma Metropolitana (UAM) en una peque\u00f1a intervenci\u00f3n, recordaron a los normalistas. \u201cAyotzinapa representa toda la violencia que ha vivido el pa\u00eds, una vez comenzada la guerra contra el narcotr\u00e1fico\u201d asever\u00f3 Elsa Violante, joven estudiante de Humanidades de la UAM. Sentados en las escalinatas del monumento exigieron a gritos, justicia por los desaparecidos. \u201cSomos j\u00f3venes y nos est\u00e1n matando\u201d, denunci\u00f3 Elsa, entre l\u00e1grimas y agreg\u00f3 que para ella, el caso Ayotzinapa cambi\u00f3 su relaci\u00f3n con la pol\u00edtica. \u201cAntes yo no me met\u00eda mucho en pol\u00edtica, pero a los pocos meses de entrar a la universidad sucedi\u00f3 esta tragedia y ah\u00ed empez\u00f3 una lucha\u201d, record\u00f3.<\/p>\n<p>&nbsp;<\/p>\n<p>Minutos antes de la llegada de los familiares de los desaparecidos, representantes de la organizaci\u00f3n Iglesias por la Paz, comenzaron los preparativos de la misa alusiva. \u201cPedimos verdad y justicia por los 43 desaparecidos. Antes que el perd\u00f3n hay que saber a qui\u00e9n perdonar y de qu\u00e9 se lo va a perdonar\u201d, afirm\u00f3 el Fray Juli\u00e1n Cruzalta, l\u00edder del movimiento de cat\u00f3licos por el derecho a decidir. Mientras iba a recibiendo a familiares de las v\u00edctimas, Cruzalta no soltaba su pancarta que ilustraba a una monja pidiendo justicia. \u201cLas iglesias no podemos permanecer calladas, tenemos que pedir justicia y encontrar la verdad\u201d, afirm\u00f3 el Fray.<\/p>\n<p>&nbsp;<\/p>\n<p>Entre abrazos y l\u00e1grimas, fueron bajando en fila del monumento, las madres y padres de los normalistas que se dirigieron a la casa de gobierno.\u00a0 \u201cHace cuatro a\u00f1os no ha habido respuesta del Estado. Pero hoy, luego de reunirnos con Obrador, nos sentimos contentos y creemos que va a haber avances en el nuevo gobierno\u201d, afirm\u00f3 esperanzada la madre de Giovani Rodr\u00edguez, desaparecido el 26 de septiembre de 2014.<\/p>\n","protected":false},"excerpt":{"rendered":"<p>A cuatro a\u00f1os de la desaparici\u00f3n de los 43 estudiantes normalistas de Ayotzinapa, el mandatario electo se reuni\u00f3 con los familiares y se comprometi\u00f3 a esclarecer el caso, que sigue impune. Los padres se mostraron esperanzados &nbsp; &nbsp; &nbsp; &nbsp; Al cumplirse cuatro a\u00f1os de la desaparici\u00f3n de los 43 normalistas de Ayotzinapa, el presidente electo de M\u00e9xico, Andr\u00e9s Manuel L\u00f3pez Obrador, se reuni\u00f3 con los padres de los estudiantes y se comprometi\u00f3 a crear una Comisi\u00f3n de la Verdad. Adem\u00e1s, emitir\u00e1 un decreto el pr\u00f3ximo 1 de diciembre, que&#8230;<\/p>\n","protected":false},"author":3,"featured_media":33801,"comment_status":"closed","ping_status":"closed","sticky":false,"template":"","format":"standard","meta":[],"categories":[4],"tags":[],"_links":{"self":[{"href":"https:\/\/www.actualidadadiario.com\/index.php\/wp-json\/wp\/v2\/posts\/33800"}],"collection":[{"href":"https:\/\/www.actualidadadiario.com\/index.php\/wp-json\/wp\/v2\/posts"}],"about":[{"href":"https:\/\/www.actualidadadiario.com\/index.php\/wp-json\/wp\/v2\/types\/post"}],"author":[{"embeddable":true,"href":"https:\/\/www.actualidadadiario.com\/index.php\/wp-json\/wp\/v2\/users\/3"}],"replies":[{"embeddable":true,"href":"https:\/\/www.actualidadadiario.com\/index.php\/wp-json\/wp\/v2\/comments?post=33800"}],"version-history":[{"count":1,"href":"https:\/\/www.actualidadadiario.com\/index.php\/wp-json\/wp\/v2\/posts\/33800\/revisions"}],"predecessor-version":[{"id":33802,"href":"https:\/\/www.actualidadadiario.com\/index.php\/wp-json\/wp\/v2\/posts\/33800\/revisions\/33802"}],"wp:featuredmedia":[{"embeddable":true,"href":"https:\/\/www.actualidadadiario.com\/index.php\/wp-json\/wp\/v2\/media\/33801"}],"wp:attachment":[{"href":"https:\/\/www.actualidadadiario.com\/index.php\/wp-json\/wp\/v2\/media?parent=33800"}],"wp:term":[{"taxonomy":"category","embeddable":true,"href":"https:\/\/www.actualidadadiario.com\/index.php\/wp-json\/wp\/v2\/categories?post=33800"},{"taxonomy":"post_tag","embeddable":true,"href":"https:\/\/www.actualidadadiario.com\/index.php\/wp-json\/wp\/v2\/tags?post=33800"}],"curies":[{"name":"wp","href":"https:\/\/api.w.org\/{rel}","templated":true}]}}