{"id":33797,"date":"2018-09-27T11:30:47","date_gmt":"2018-09-27T14:30:47","guid":{"rendered":"https:\/\/www.actualidadadiario.com\/?p=33797"},"modified":"2018-11-06T19:36:16","modified_gmt":"2018-11-06T22:36:16","slug":"prensa-estadounidense-destaca-la-frontal-y-dura-critica-de-evo-morales-a-trump-en-la-onu","status":"publish","type":"post","link":"https:\/\/www.actualidadadiario.com\/index.php\/2018\/09\/27\/prensa-estadounidense-destaca-la-frontal-y-dura-critica-de-evo-morales-a-trump-en-la-onu\/","title":{"rendered":"Prensa estadounidense destaca la frontal y dura cr\u00edtica de Evo Morales a Trump en la ONU"},"content":{"rendered":"<p><em><strong>Mientras el mandatario estadounidense presid\u00eda la sesi\u00f3n del Consejo de Seguridad de la Organizaci\u00f3n de Naciones Unidas (ONU) en Nueva York, su par boliviano emiti\u00f3 duras frases como que &#8220;a Estados Unidos no le pueden importar menos los derechos humanos o la justicia&#8221;<\/strong><\/em><\/p>\n<p>&nbsp;<\/p>\n<p>&nbsp;<\/p>\n<p>&nbsp;<\/p>\n<p>&nbsp;<\/p>\n<p>&nbsp;<\/p>\n<p>El influyente diario estadounidense New York Times hizo hincapi\u00e9 este mi\u00e9rcoles en el discurso del presidente boliviano Evo Morales durante el Consejo de Seguridad de la Organizaci\u00f3n de Naciones Unidas (ONU) en su sede de Nueva York, donde critic\u00f3 la pol\u00edtica exterior de la Casa Blanca frente a su par estadounidense, Donald Trump, que presid\u00eda la sesi\u00f3n.<\/p>\n<p>&nbsp;<\/p>\n<p>&#8220;A solo dos asientos del Sr. Trump, el se\u00f1or Morales dijo que &#8220;condena categ\u00f3ricamente&#8221; a Estados Unidos por incumplir sus obligaciones en virtud del acuerdo nuclear de Ir\u00e1n bajo &#8216;falsas pretensiones&#8217;. Luego critic\u00f3 el historial de derechos humanos de los Estados Unidos&#8221;, destac\u00f3 el diario estadounidense.<\/p>\n<p>&nbsp;<\/p>\n<p>En un art\u00edculo titulado &#8220;Presidente boliviano critica el r\u00e9cord de derechos humanos de Estados Unidos&#8221;, el diario estadounidense, que dio una amplia cobertura al 73 per\u00edodo de sesiones de la Asamblea de Naciones Unidas inaugurada en la v\u00edspera en Nueva York, enfatiz\u00f3 que Morales desgran\u00f3 un discurso que &#8220;apunt\u00f3 directamente a Estados Unidos&#8221;.<\/p>\n<p>&nbsp;<\/p>\n<p>&#8220;De ninguna manera Estados Unidos est\u00e1 interesado en difundir la democracia&#8221;, dijo Morales. &#8220;A Estados Unidos no le pueden importar menos los derechos humanos o la justicia&#8221;, cit\u00f3 el medio de manera textual los dichos del dirigente boliviano.<\/p>\n<p>&nbsp;<\/p>\n<p>Seg\u00fan el NYT, el mandatario boliviano luego pas\u00f3 a enumerar su cr\u00edtica a los Estados Unidos por mantener a los ni\u00f1os en jaulas, una referencia a la detenci\u00f3n y separaci\u00f3n de los ni\u00f1os migrantes de sus familias en la frontera entre Estados Unidos y M\u00e9xico, de mediados de este a\u00f1o.<\/p>\n<p>&nbsp;<\/p>\n<p>En un discurso que dur\u00f3 10 minutos, Morales fustig\u00f3 tambi\u00e9n &#8220;las declaraciones del Sr. Trump de que la Corte Penal Internacional no tiene jurisdicci\u00f3n ni legitimidad&#8221; para oponerse a su pol\u00edtica migratoria, seg\u00fan el Times.<\/p>\n<p>&nbsp;<\/p>\n<p>Las cr\u00edticas de Morales se hicieron asimismo patentes sobre &#8220;las declaraciones cr\u00edticas que el Sr. Trump hizo sobre el Consejo de Derechos Humanos&#8221;.<\/p>\n<p>&nbsp;<\/p>\n<p>&#8220;El izquierdista l\u00edder boliviano ha criticado abiertamente la pol\u00edtica exterior de los Estados Unidos desde que asumi\u00f3 el cargo en 2006&#8221;, tambi\u00e9n represent\u00f3 el diario, uno de los dos de mayor tiraje en el pa\u00eds norteamericano.<\/p>\n<p>&nbsp;<\/p>\n<p>Seg\u00fan destaca la Agencia Boliviana de Informaci\u00f3n (ABI), el New York Times no dej\u00f3 escapar ni siquiera detalles subjetivos de c\u00f3mo Trump recibi\u00f3 la cr\u00edtica boliviana y menos de c\u00f3mo &#8220;agradeci\u00f3&#8221;, de mala gana, seg\u00fan el redactor de la nota, a Morales y m\u00e1s a\u00fan de c\u00f3mo volvi\u00f3 a otorgar el uso de la palabra al siguiente orador.<\/p>\n<p>&nbsp;<\/p>\n<p>&#8220;El Sr. Trump ofreci\u00f3 un gru\u00f1ido, &#8220;Gracias, Se\u00f1or Presidente&#8221;, al Sr. Morales antes de pasar la palabra al siguiente orador&#8221;, subray\u00f3.<\/p>\n","protected":false},"excerpt":{"rendered":"<p>Mientras el mandatario estadounidense presid\u00eda la sesi\u00f3n del Consejo de Seguridad de la Organizaci\u00f3n de Naciones Unidas (ONU) en Nueva York, su par boliviano emiti\u00f3 duras frases como que &#8220;a Estados Unidos no le pueden importar menos los derechos humanos o la justicia&#8221; &nbsp; &nbsp; &nbsp; &nbsp; &nbsp; El influyente diario estadounidense New York Times hizo hincapi\u00e9 este mi\u00e9rcoles en el discurso del presidente boliviano Evo Morales durante el Consejo de Seguridad de la Organizaci\u00f3n de Naciones Unidas (ONU) en su sede de Nueva York, donde critic\u00f3 la pol\u00edtica exterior&#8230;<\/p>\n","protected":false},"author":3,"featured_media":33798,"comment_status":"closed","ping_status":"closed","sticky":false,"template":"","format":"standard","meta":[],"categories":[4],"tags":[],"_links":{"self":[{"href":"https:\/\/www.actualidadadiario.com\/index.php\/wp-json\/wp\/v2\/posts\/33797"}],"collection":[{"href":"https:\/\/www.actualidadadiario.com\/index.php\/wp-json\/wp\/v2\/posts"}],"about":[{"href":"https:\/\/www.actualidadadiario.com\/index.php\/wp-json\/wp\/v2\/types\/post"}],"author":[{"embeddable":true,"href":"https:\/\/www.actualidadadiario.com\/index.php\/wp-json\/wp\/v2\/users\/3"}],"replies":[{"embeddable":true,"href":"https:\/\/www.actualidadadiario.com\/index.php\/wp-json\/wp\/v2\/comments?post=33797"}],"version-history":[{"count":1,"href":"https:\/\/www.actualidadadiario.com\/index.php\/wp-json\/wp\/v2\/posts\/33797\/revisions"}],"predecessor-version":[{"id":33799,"href":"https:\/\/www.actualidadadiario.com\/index.php\/wp-json\/wp\/v2\/posts\/33797\/revisions\/33799"}],"wp:featuredmedia":[{"embeddable":true,"href":"https:\/\/www.actualidadadiario.com\/index.php\/wp-json\/wp\/v2\/media\/33798"}],"wp:attachment":[{"href":"https:\/\/www.actualidadadiario.com\/index.php\/wp-json\/wp\/v2\/media?parent=33797"}],"wp:term":[{"taxonomy":"category","embeddable":true,"href":"https:\/\/www.actualidadadiario.com\/index.php\/wp-json\/wp\/v2\/categories?post=33797"},{"taxonomy":"post_tag","embeddable":true,"href":"https:\/\/www.actualidadadiario.com\/index.php\/wp-json\/wp\/v2\/tags?post=33797"}],"curies":[{"name":"wp","href":"https:\/\/api.w.org\/{rel}","templated":true}]}}