{"id":33791,"date":"2018-09-27T11:29:17","date_gmt":"2018-09-27T14:29:17","guid":{"rendered":"https:\/\/www.actualidadadiario.com\/?p=33791"},"modified":"2018-11-06T19:36:16","modified_gmt":"2018-11-06T22:36:16","slug":"macri-ofrecera-una-conferencia-de-prensa-pero-no-respondera-preguntas","status":"publish","type":"post","link":"https:\/\/www.actualidadadiario.com\/index.php\/2018\/09\/27\/macri-ofrecera-una-conferencia-de-prensa-pero-no-respondera-preguntas\/","title":{"rendered":"Macri ofrecer\u00e1 una conferencia de prensa pero no responder\u00e1 preguntas"},"content":{"rendered":"<p><em><strong>El Presidente se reunir\u00e1 con los periodistas en la Casa Rosada para explicar los alcances del pr\u00e9stamo otorgado por la entidad crediticia<\/strong><\/em><\/p>\n<p>&nbsp;<\/p>\n<p>&nbsp;<\/p>\n<p>&nbsp;<\/p>\n<p>El presidente Mauricio Macri ofrecer\u00e1 esta tarde una conferencia de prensa en la Casa Rosada, se inform\u00f3 oficialmente. El encuentro del primer mandatario con periodistas ser\u00e1 a las 16:30 en el Sal\u00f3n de los Pueblos Originarios de la sede gubernamental pero no responder\u00e1 preguntas. Posteriormente los ministros del gabinete atender\u00e1n los requrimientos de los medios.<\/p>\n<p>&nbsp;<\/p>\n<p>El jefe de Estado realizar\u00e1 declaraciones luego de la visita a Estados Unidos en la que brind\u00f3 un discurso ante la Asamblea General de la ONU y mantuvo encuentros con la directora del FMI, Christine Lagarde.<\/p>\n<p>&nbsp;<\/p>\n<p>El ministro de Hacienda, Nicol\u00e1s Dujovne, anunci\u00f3 junto con Lagarde un nuevo acuerdo crediticio con el organismo internacional. En ese contexto, el Banco Central dio a conocer una nueva pol\u00edtica monetaria, que mantendr\u00e1 restringido el volumen de la masa monetaria.<\/p>\n","protected":false},"excerpt":{"rendered":"<p>El Presidente se reunir\u00e1 con los periodistas en la Casa Rosada para explicar los alcances del pr\u00e9stamo otorgado por la entidad crediticia &nbsp; &nbsp; &nbsp; El presidente Mauricio Macri ofrecer\u00e1 esta tarde una conferencia de prensa en la Casa Rosada, se inform\u00f3 oficialmente. El encuentro del primer mandatario con periodistas ser\u00e1 a las 16:30 en el Sal\u00f3n de los Pueblos Originarios de la sede gubernamental pero no responder\u00e1 preguntas. Posteriormente los ministros del gabinete atender\u00e1n los requrimientos de los medios. &nbsp; El jefe de Estado realizar\u00e1 declaraciones luego de la&#8230;<\/p>\n","protected":false},"author":3,"featured_media":33792,"comment_status":"closed","ping_status":"closed","sticky":false,"template":"","format":"standard","meta":[],"categories":[18],"tags":[],"_links":{"self":[{"href":"https:\/\/www.actualidadadiario.com\/index.php\/wp-json\/wp\/v2\/posts\/33791"}],"collection":[{"href":"https:\/\/www.actualidadadiario.com\/index.php\/wp-json\/wp\/v2\/posts"}],"about":[{"href":"https:\/\/www.actualidadadiario.com\/index.php\/wp-json\/wp\/v2\/types\/post"}],"author":[{"embeddable":true,"href":"https:\/\/www.actualidadadiario.com\/index.php\/wp-json\/wp\/v2\/users\/3"}],"replies":[{"embeddable":true,"href":"https:\/\/www.actualidadadiario.com\/index.php\/wp-json\/wp\/v2\/comments?post=33791"}],"version-history":[{"count":1,"href":"https:\/\/www.actualidadadiario.com\/index.php\/wp-json\/wp\/v2\/posts\/33791\/revisions"}],"predecessor-version":[{"id":33793,"href":"https:\/\/www.actualidadadiario.com\/index.php\/wp-json\/wp\/v2\/posts\/33791\/revisions\/33793"}],"wp:featuredmedia":[{"embeddable":true,"href":"https:\/\/www.actualidadadiario.com\/index.php\/wp-json\/wp\/v2\/media\/33792"}],"wp:attachment":[{"href":"https:\/\/www.actualidadadiario.com\/index.php\/wp-json\/wp\/v2\/media?parent=33791"}],"wp:term":[{"taxonomy":"category","embeddable":true,"href":"https:\/\/www.actualidadadiario.com\/index.php\/wp-json\/wp\/v2\/categories?post=33791"},{"taxonomy":"post_tag","embeddable":true,"href":"https:\/\/www.actualidadadiario.com\/index.php\/wp-json\/wp\/v2\/tags?post=33791"}],"curies":[{"name":"wp","href":"https:\/\/api.w.org\/{rel}","templated":true}]}}