{"id":33788,"date":"2018-09-27T11:28:45","date_gmt":"2018-09-27T14:28:45","guid":{"rendered":"https:\/\/www.actualidadadiario.com\/?p=33788"},"modified":"2018-11-06T19:36:16","modified_gmt":"2018-11-06T22:36:16","slug":"preocupacion-por-la-posibilidad-de-nuevos-recortes-en-las-pensiones-por-discapacidad","status":"publish","type":"post","link":"https:\/\/www.actualidadadiario.com\/index.php\/2018\/09\/27\/preocupacion-por-la-posibilidad-de-nuevos-recortes-en-las-pensiones-por-discapacidad\/","title":{"rendered":"Preocupaci\u00f3n por la posibilidad de nuevos recortes en las pensiones por discapacidad"},"content":{"rendered":"<p><em><strong>Los sectores m\u00e1s vulnerables son los que hoy se encuentran m\u00e1s preocupados por el impacto que tendr\u00e1 la crisis y los recortes que planifica hacer el Gobierno<\/strong><\/em><\/p>\n<p>&nbsp;<\/p>\n<p>&nbsp;<\/p>\n<p>&nbsp;<\/p>\n<p>&nbsp;<\/p>\n<p>&nbsp;<\/p>\n<p>Luego de que la Agencia Nacional de Discapacidad tuviese que extender a 10 d\u00edas el plazo para los reclamos por suspensi\u00f3n de pensiones por invalidez, desde la Red por los Derechos de las Personas con Discapacidad (REDI) indicaron que la intencionalidad pol\u00edtica es no devolver las pensiones que se anularon.<\/p>\n<p>&nbsp;<\/p>\n<p>\u201cQuiero ser prudente con la difusi\u00f3n de la noticia porque la gente que depende de ello para subsistir ha entrado en psicosis colectiva. La disposici\u00f3n requiere de un modo de notificaci\u00f3n acorde a la ley. Primero, la gente no tiene que presentarse espont\u00e1neamente a la ANSES. Cuando reciban una notificaci\u00f3n en legal forma, una carta documento (no el ticket del cajero), tienen que presentarse a hacer su descargo\u201d, indic\u00f3 Varina Suleiman, abogada de REDI.<\/p>\n<p>&nbsp;<\/p>\n<p>Y, en di\u00e1logo con el programa radial de Gustavo Sylvestre, detall\u00f3: \u201cNosotros desde REDI ayudamos con informaci\u00f3n para que no tengan que pagar un abogado porque el descargo no requiere la firma de un abogado. Si tienen algo no actualizado, podr\u00edan actualizarlo. El debido proceso, que es algo legal que no respetaron el a\u00f1o pasado y que por eso se ven obligados a hacerlo ahora, es legal\u201d.<\/p>\n<p>&nbsp;<\/p>\n<p>En tanto, Suleiman sentenci\u00f3 que el decreto que van a aplicar es inconstitucional. \u201cLa gente tiene que defenderse de eso. Cuando hacen su descargo, tienen que decir que impugnan el decreto 432 de 1997 por ser contrario a la convenci\u00f3n sobre los derechos de las personas con discapacidad\u201d, advirti\u00f3 y sugiri\u00f3 a los afectados que se contacten con especialistas que podr\u00e1n asesorarlos en www.redi.org.ar<\/p>\n<p>&nbsp;<\/p>\n<p>Al ser consultada sobre si el Gobierno restituy\u00f3 las pensiones que hab\u00eda anulado, la letrada fue categ\u00f3rica: \u201cParte fueron restituidas y parte no, y por eso sale esta disposici\u00f3n. La intencionalidad pol\u00edtica es no devolver, y en lugar de pensar c\u00f3mo generar nuevos recursos, seguir\u00e1n el debido proceso para devolver &#8216;legalmente&#8217;. Ning\u00fan derecho es gratis, todo derecho requiere presupuesto\u201d.<\/p>\n","protected":false},"excerpt":{"rendered":"<p>Los sectores m\u00e1s vulnerables son los que hoy se encuentran m\u00e1s preocupados por el impacto que tendr\u00e1 la crisis y los recortes que planifica hacer el Gobierno &nbsp; &nbsp; &nbsp; &nbsp; &nbsp; Luego de que la Agencia Nacional de Discapacidad tuviese que extender a 10 d\u00edas el plazo para los reclamos por suspensi\u00f3n de pensiones por invalidez, desde la Red por los Derechos de las Personas con Discapacidad (REDI) indicaron que la intencionalidad pol\u00edtica es no devolver las pensiones que se anularon. &nbsp; \u201cQuiero ser prudente con la difusi\u00f3n de&#8230;<\/p>\n","protected":false},"author":3,"featured_media":33789,"comment_status":"closed","ping_status":"closed","sticky":false,"template":"","format":"standard","meta":[],"categories":[9],"tags":[],"_links":{"self":[{"href":"https:\/\/www.actualidadadiario.com\/index.php\/wp-json\/wp\/v2\/posts\/33788"}],"collection":[{"href":"https:\/\/www.actualidadadiario.com\/index.php\/wp-json\/wp\/v2\/posts"}],"about":[{"href":"https:\/\/www.actualidadadiario.com\/index.php\/wp-json\/wp\/v2\/types\/post"}],"author":[{"embeddable":true,"href":"https:\/\/www.actualidadadiario.com\/index.php\/wp-json\/wp\/v2\/users\/3"}],"replies":[{"embeddable":true,"href":"https:\/\/www.actualidadadiario.com\/index.php\/wp-json\/wp\/v2\/comments?post=33788"}],"version-history":[{"count":1,"href":"https:\/\/www.actualidadadiario.com\/index.php\/wp-json\/wp\/v2\/posts\/33788\/revisions"}],"predecessor-version":[{"id":33790,"href":"https:\/\/www.actualidadadiario.com\/index.php\/wp-json\/wp\/v2\/posts\/33788\/revisions\/33790"}],"wp:featuredmedia":[{"embeddable":true,"href":"https:\/\/www.actualidadadiario.com\/index.php\/wp-json\/wp\/v2\/media\/33789"}],"wp:attachment":[{"href":"https:\/\/www.actualidadadiario.com\/index.php\/wp-json\/wp\/v2\/media?parent=33788"}],"wp:term":[{"taxonomy":"category","embeddable":true,"href":"https:\/\/www.actualidadadiario.com\/index.php\/wp-json\/wp\/v2\/categories?post=33788"},{"taxonomy":"post_tag","embeddable":true,"href":"https:\/\/www.actualidadadiario.com\/index.php\/wp-json\/wp\/v2\/tags?post=33788"}],"curies":[{"name":"wp","href":"https:\/\/api.w.org\/{rel}","templated":true}]}}