{"id":33786,"date":"2018-09-27T11:28:09","date_gmt":"2018-09-27T14:28:09","guid":{"rendered":"https:\/\/www.actualidadadiario.com\/?p=33786"},"modified":"2018-11-06T19:36:16","modified_gmt":"2018-11-06T22:36:16","slug":"todas-las-designaciones-en-el-gobierno-deberan-ser-aprobadas-por-la-jefatura-de-gabinete","status":"publish","type":"post","link":"https:\/\/www.actualidadadiario.com\/index.php\/2018\/09\/27\/todas-las-designaciones-en-el-gobierno-deberan-ser-aprobadas-por-la-jefatura-de-gabinete\/","title":{"rendered":"Todas las designaciones en el Gobierno deber\u00e1n ser aprobadas por la Jefatura de Gabinete"},"content":{"rendered":"<p><em><strong>Todo nombramiento transitorio en cargos de planta permanente, como as\u00ed tambi\u00e9n toda reincorporaci\u00f3n de personal, ser\u00e1 efectuado por el Jefe de Gabinete de Ministros, Marcos Pe\u00f1a<\/strong><\/em><\/p>\n<p>&nbsp;<\/p>\n<p>&nbsp;<\/p>\n<p>&nbsp;<\/p>\n<p>&nbsp;<\/p>\n<p>&nbsp;<\/p>\n<p>El Gobierno Nacional decidi\u00f3 que toda designaci\u00f3n transitoria en cargos de planta permanente como as\u00ed tambi\u00e9n toda reincorporaci\u00f3n de personal, ser\u00e1 efectuada por el Jefe de Gabinete de Ministros, Marcos Pe\u00f1a, en el \u00e1mbito de la Administraci\u00f3n P\u00fablica Nacional, centralizada y descentralizada, a propuesta de la Jurisdicci\u00f3n o Entidad de que se trate.<\/p>\n<p>&nbsp;<\/p>\n<p>De esta manera, seg\u00fan el Decreto 859\/2018, la designaci\u00f3n del personal ingresante a la planta permanente, como asimismo la promoci\u00f3n del personal luego de la sustanciaci\u00f3n de los respectivos procesos de selecci\u00f3n, ser\u00e1n efectuadas en sus respectivas Jurisdicciones por los Ministros, los Secretarios de la Presidencia de la Naci\u00f3n y los Secretarios de Gobierno, como as\u00ed tambi\u00e9n ser\u00e1n competentes para disponer asignaciones transitorias de funciones en sus respectivas Jurisdicciones. Asimismo, dichos actos administrativos deber\u00e1n ser publicados en el Bolet\u00edn Oficial.<\/p>\n<p>&nbsp;<\/p>\n<p>Esta medida, faculta a los Ministros, Secretarios de la Presidencia de Gobierno, a designar al personal de gabinete de las autoridades superiores de sus respectivas Jurisdicciones, a aprobar las contrataciones, renovaciones o pr\u00f3rrogas, bajo cualquier modalidad, como as\u00ed tambi\u00e9n los contratos celebrados en el marco de convenios para proyectos o programas de cooperaci\u00f3n t\u00e9cnica con financiamiento bilateral o multilateral, nacional e internacional, comprendiendo entre estos \u00faltimos, los que tramiten por acuerdo entre cada Jurisdicci\u00f3n y el Programa de Naciones Unidas para el Desarrollo (PNUD), y los contratos de locaci\u00f3n de obra intelectual prestados a t\u00edtulo personal.<\/p>\n<p>&nbsp;<\/p>\n<p>En tanto la Agencia Federal de Inteligencia, la Direcci\u00f3n Nacional de Inteligencia Estrat\u00e9gica Militar, la Secretar\u00eda de Seguridad del Interior, la Direcci\u00f3n Nacional del Servicio Penitenciario Federal, la Administraci\u00f3n de Parques Nacionales, la Secretar\u00eda de Gobierno de Cultura, Personal de Investigaci\u00f3n y Desarrollo de las Fuerzas Armadas y la Secretar\u00eda Nacional de Ni\u00f1ez, Adolescencia y Familia, mantendr\u00e1n las facultades para designar y contratar personal dentro del \u00e1mbito y l\u00edmites expresamente otorgados.<\/p>\n<p>&nbsp;<\/p>\n<p>Asimismo, En el plazo de 5 d\u00edas de efectuadas las contrataciones o sus respectivas renovaciones o pr\u00f3rrogas, bajo cualquier modalidad, la autoridad correspondiente deber\u00e1 comunicar las mismas a la Secretar\u00eda de Gobierno de Modernizaci\u00f3n, perteneciente a la jefatura de Gabinete. En este sentido, dicha Secretar\u00eda ser\u00e1 la autoridad de aplicaci\u00f3n e interpretaci\u00f3n de este Decreto y dictar\u00e1 las normas complementarias y aclaratorias que fueran necesarias para su mejor aplicaci\u00f3n\u201d.<\/p>\n","protected":false},"excerpt":{"rendered":"<p>Todo nombramiento transitorio en cargos de planta permanente, como as\u00ed tambi\u00e9n toda reincorporaci\u00f3n de personal, ser\u00e1 efectuado por el Jefe de Gabinete de Ministros, Marcos Pe\u00f1a &nbsp; &nbsp; &nbsp; &nbsp; &nbsp; El Gobierno Nacional decidi\u00f3 que toda designaci\u00f3n transitoria en cargos de planta permanente como as\u00ed tambi\u00e9n toda reincorporaci\u00f3n de personal, ser\u00e1 efectuada por el Jefe de Gabinete de Ministros, Marcos Pe\u00f1a, en el \u00e1mbito de la Administraci\u00f3n P\u00fablica Nacional, centralizada y descentralizada, a propuesta de la Jurisdicci\u00f3n o Entidad de que se trate. &nbsp; De esta manera, seg\u00fan el&#8230;<\/p>\n","protected":false},"author":3,"featured_media":30724,"comment_status":"closed","ping_status":"closed","sticky":false,"template":"","format":"standard","meta":[],"categories":[18],"tags":[],"_links":{"self":[{"href":"https:\/\/www.actualidadadiario.com\/index.php\/wp-json\/wp\/v2\/posts\/33786"}],"collection":[{"href":"https:\/\/www.actualidadadiario.com\/index.php\/wp-json\/wp\/v2\/posts"}],"about":[{"href":"https:\/\/www.actualidadadiario.com\/index.php\/wp-json\/wp\/v2\/types\/post"}],"author":[{"embeddable":true,"href":"https:\/\/www.actualidadadiario.com\/index.php\/wp-json\/wp\/v2\/users\/3"}],"replies":[{"embeddable":true,"href":"https:\/\/www.actualidadadiario.com\/index.php\/wp-json\/wp\/v2\/comments?post=33786"}],"version-history":[{"count":1,"href":"https:\/\/www.actualidadadiario.com\/index.php\/wp-json\/wp\/v2\/posts\/33786\/revisions"}],"predecessor-version":[{"id":33787,"href":"https:\/\/www.actualidadadiario.com\/index.php\/wp-json\/wp\/v2\/posts\/33786\/revisions\/33787"}],"wp:featuredmedia":[{"embeddable":true,"href":"https:\/\/www.actualidadadiario.com\/index.php\/wp-json\/wp\/v2\/media\/30724"}],"wp:attachment":[{"href":"https:\/\/www.actualidadadiario.com\/index.php\/wp-json\/wp\/v2\/media?parent=33786"}],"wp:term":[{"taxonomy":"category","embeddable":true,"href":"https:\/\/www.actualidadadiario.com\/index.php\/wp-json\/wp\/v2\/categories?post=33786"},{"taxonomy":"post_tag","embeddable":true,"href":"https:\/\/www.actualidadadiario.com\/index.php\/wp-json\/wp\/v2\/tags?post=33786"}],"curies":[{"name":"wp","href":"https:\/\/api.w.org\/{rel}","templated":true}]}}