{"id":33777,"date":"2018-09-27T11:25:59","date_gmt":"2018-09-27T14:25:59","guid":{"rendered":"https:\/\/www.actualidadadiario.com\/?p=33777"},"modified":"2018-11-06T19:36:16","modified_gmt":"2018-11-06T22:36:16","slug":"frigerio-expuso-sobre-el-presupuesto-en-diputados-y-le-llovieron-criticas-de-la-oposicion","status":"publish","type":"post","link":"https:\/\/www.actualidadadiario.com\/index.php\/2018\/09\/27\/frigerio-expuso-sobre-el-presupuesto-en-diputados-y-le-llovieron-criticas-de-la-oposicion\/","title":{"rendered":"Frigerio expuso sobre el Presupuesto en Diputados y le llovieron cr\u00edticas de la oposici\u00f3n"},"content":{"rendered":"<p><em><strong>El ministro del Interior neg\u00f3 que el acuerdo con el FMI implicara un cambio en las pautas enviadas al Congreso. El peronismo federal, el massismo y el FpV-PJ reclamaron la presencia de Sandleris, nuevo titular del Banco Central<\/strong><\/em><\/p>\n<p>&nbsp;<\/p>\n<p>&nbsp;<\/p>\n<p>&nbsp;<\/p>\n<p>&nbsp;<\/p>\n<p>&nbsp;<\/p>\n<p>El ministro de Interior, Rogelio Frigerio, defendi\u00f3 ante los diputados el Presupuesto de ajuste y ca\u00edda econ\u00f3mica para el a\u00f1o pr\u00f3ximo. Para el jefe de la cartera pol\u00edtica, los anuncios del nuevo acuerdo con el FMI \u2013que en total aumenta el endeudamiento externo en 57 mil millones de d\u00f3lares\u2013 \u201cno modifica ninguna variable\u201d del presupuesto 2019 y ratific\u00f3 la elaboraci\u00f3n propia de los c\u00e1lculos: \u201cfuimos al Fondo con nuestras pautas y proyecciones y el Fondo las acept\u00f3\u201d, sentenci\u00f3 Frigerio. La oposici\u00f3n no coincidi\u00f3 con los devaluados pron\u00f3sticos oficialistas y con distintos matices asociaron los n\u00fameros presupuestarios al ajuste impuestos por el FMI. En tanto, el oficialismo resiste que el nuevo presidente del Banco Central (BCRA), Guido Sandleris, de precisiones ante la C\u00e1mara baja sobre pol\u00edtica monetaria, como reclamaron el peronismo federal, el massismo y el kichnerismo. Frigerio, el principal negociador con los gobernadores peronistas por fuera del Congreso, solo admiti\u00f3 que debatir\u00eda un texto consensuado sobre la modificaci\u00f3n de la ley de Administraci\u00f3n Financiera: all\u00ed propone que el Ejecutivo pueda canjear la deuda a \u201cvalores de mercado\u201d y ya no en \u201cmejores condiciones\u201d para el pa\u00eds como estable la ley.<\/p>\n<p>&nbsp;<\/p>\n<p>Frigerio lleg\u00f3 al anexo C de la C\u00e1mara baja en modo relajado y sin aires de preocupaci\u00f3n ante la crisis econ\u00f3mica. Los primeros en preguntar reclamaron que Sandleris tambi\u00e9n d\u00e9 explicaciones al Congreso. \u201cEsta comisi\u00f3n se merece saber cu\u00e1l va a ser la pol\u00edtica fiscal y la pol\u00edtica monetaria. Nos gustar\u00eda tener precisi\u00f3n\u201d, dijo el peronista federal Diego Bossio. \u201cTenemos que saber cu\u00e1l va a ser la tasa de inter\u00e9s que va a tener el Banco Central, la tasa de inter\u00e9s con la que van a contar empresas para invertir en obra p\u00fablica. Por eso, es necesario que venga el flamante presidente del BCRA a dar explicaciones\u201d, sum\u00f3 el renovador Marco Lavagna.<\/p>\n<p>&nbsp;<\/p>\n<p>Frigerio prefiri\u00f3 no confrontar con federales y massistas, los sectores opositores con los que negocia su apoyo. Fue el presidente de la comisi\u00f3n de Presupuesto, Luciano Laspina, quien sali\u00f3 al cruce: \u201ccreo que excede la discusi\u00f3n del Presupuesto; podr\u00edamos verlo eventualmente y de paso dejar que el nuevo titular del BCRA se tome unos d\u00edas para acomodarse en su posici\u00f3n antes de venir a dar explicaciones al Congreso\u201d, sostuvo el diputado macrista. Lavagna recogi\u00f3 el guante: \u201cSi necesita unos d\u00edas no tenemos ning\u00fan problema en d\u00e1rselos y tomarnos unos d\u00edas adicionales para seguir discutiendo el presupuesto\u201d, replic\u00f3.<\/p>\n<p>&nbsp;<\/p>\n<p>El primer contrapunto lleg\u00f3 con las preguntas de Agust\u00edn Rossi. El jefe del bloque del FpV-PJ asoci\u00f3 el presupuesto a las exigencias del FMI y quiso saber si \u201clo que se negocia en Nueva York\u201d modificar\u00e1 las metas propuestas, si estudian otra reforma provisional que reemplace al sistema estatal de reparto, reclam\u00f3 la continuidad del Fondo Sojero y se sum\u00f3 al pedido de interpelar a Sandleris. \u201cEsta es la \u00fanica crisis de la historia econ\u00f3mica argentina que se lleva puestos a los presidentes del Banco Central, no se lleva puestos los ministros de Econom\u00eda\u201d, dijo Rossi y recomend\u00f3 \u201crearmar\u00a0 un presupuesto sobre bases realistas\u201d.<\/p>\n<p>&nbsp;<\/p>\n<p>\u201cEl nuevo acuerdo con el FMI no modifica ninguna de la variables macroecon\u00f3micas que est\u00e1n hoy en el Presupuesto de la Naci\u00f3n\u201d, respondi\u00f3 el ministro y asegur\u00f3 que las metas elaboradas por el Gobierno fueron las que acept\u00f3 el FMI. Neg\u00f3 una reforma provisional. Frigerio tambi\u00e9n intent\u00f3 desdramatizar los cambios en el BCRA, dijo que las metas \u201clas fija el Presidente (Macri)\u201d y que la \u201cindependencia\u201d y \u201clos grados necesarios de libertad\u201d de la entidad son para \u201cutilizar los mecanismos e instrumentos para cumplir con las pautas de inflaci\u00f3n que fija el Poder Ejecutivo\u201d.<\/p>\n<p>&nbsp;<\/p>\n<p>Frigerio tambi\u00e9n confront\u00f3 con lo que considera provincias rebeldes. \u201cEs un error en la apreciaci\u00f3n de los n\u00fameros del presupuesto\u201d, le contest\u00f3 al peronista pampeano Ariel Rauschenberger que sostuvo que no figuraba el dinero para terminar obras comprometidas en La Pampa. \u201cNuestra provincia ha sido discriminada\u201d, dijo el puntano Andr\u00e9s Vallone, y el ministro de recrimin\u00f3 que San Luis no haya firmado el Pacto Fiscal. Jos\u00e9 Luis Gioja reclam\u00f3 mayor presupuesto para San Juan y Frigerio sostuvo que ahora el Gobierno reparte m\u00e1s recursos a las provincias. \u201c\u00a1Por orden judicial!\u201d, lo interrumpi\u00f3 Gioja. \u201cNo, diputado. La decisi\u00f3n judicial fue para tres provincias. Y fue una decisi\u00f3n del Presidente\u201d, contest\u00f3 Frigerio.<\/p>\n<p>&nbsp;<\/p>\n<p>\u201cEstamos discutiendo un presupuesto de guerra contra los trabajadores, hecho para garantizar el pago de la deuda a especuladores y usureros. El despliegue represivo que impuso el gobierno el d\u00eda del paro es la garant\u00eda que le muestran al FMI para pasar la crisis\u201d, le recrimin\u00f3 Romina Del Pl\u00e1 (FIT-PO). \u201cEl grado coloniaje que vimos del presidente Macri es extraordinario\u201d, mientras el \u201cpresupuesto digitado por el FMI tiene un ajuste para los trabajadores y el pueblo 358 mil millones de pesos para pagar los intereses de la deuda\u201d, sum\u00f3 Nicol\u00e1s del Ca\u00f1o (FIT-PTS).<\/p>\n<p>&nbsp;<\/p>\n<p>Frigerio le puso tiempo limitado a su exposici\u00f3n y dej\u00f3 a varios diputados sin poder preguntar, como el kirchnerista y ex ministro de Econom\u00eda Axel Kiccilof. Para el ministro, dedicarles casi cuatro horas era suficiente.<\/p>\n","protected":false},"excerpt":{"rendered":"<p>El ministro del Interior neg\u00f3 que el acuerdo con el FMI implicara un cambio en las pautas enviadas al Congreso. El peronismo federal, el massismo y el FpV-PJ reclamaron la presencia de Sandleris, nuevo titular del Banco Central &nbsp; &nbsp; &nbsp; &nbsp; &nbsp; El ministro de Interior, Rogelio Frigerio, defendi\u00f3 ante los diputados el Presupuesto de ajuste y ca\u00edda econ\u00f3mica para el a\u00f1o pr\u00f3ximo. Para el jefe de la cartera pol\u00edtica, los anuncios del nuevo acuerdo con el FMI \u2013que en total aumenta el endeudamiento externo en 57 mil millones&#8230;<\/p>\n","protected":false},"author":3,"featured_media":33778,"comment_status":"closed","ping_status":"closed","sticky":false,"template":"","format":"standard","meta":[],"categories":[18],"tags":[],"_links":{"self":[{"href":"https:\/\/www.actualidadadiario.com\/index.php\/wp-json\/wp\/v2\/posts\/33777"}],"collection":[{"href":"https:\/\/www.actualidadadiario.com\/index.php\/wp-json\/wp\/v2\/posts"}],"about":[{"href":"https:\/\/www.actualidadadiario.com\/index.php\/wp-json\/wp\/v2\/types\/post"}],"author":[{"embeddable":true,"href":"https:\/\/www.actualidadadiario.com\/index.php\/wp-json\/wp\/v2\/users\/3"}],"replies":[{"embeddable":true,"href":"https:\/\/www.actualidadadiario.com\/index.php\/wp-json\/wp\/v2\/comments?post=33777"}],"version-history":[{"count":1,"href":"https:\/\/www.actualidadadiario.com\/index.php\/wp-json\/wp\/v2\/posts\/33777\/revisions"}],"predecessor-version":[{"id":33779,"href":"https:\/\/www.actualidadadiario.com\/index.php\/wp-json\/wp\/v2\/posts\/33777\/revisions\/33779"}],"wp:featuredmedia":[{"embeddable":true,"href":"https:\/\/www.actualidadadiario.com\/index.php\/wp-json\/wp\/v2\/media\/33778"}],"wp:attachment":[{"href":"https:\/\/www.actualidadadiario.com\/index.php\/wp-json\/wp\/v2\/media?parent=33777"}],"wp:term":[{"taxonomy":"category","embeddable":true,"href":"https:\/\/www.actualidadadiario.com\/index.php\/wp-json\/wp\/v2\/categories?post=33777"},{"taxonomy":"post_tag","embeddable":true,"href":"https:\/\/www.actualidadadiario.com\/index.php\/wp-json\/wp\/v2\/tags?post=33777"}],"curies":[{"name":"wp","href":"https:\/\/api.w.org\/{rel}","templated":true}]}}