{"id":33774,"date":"2018-09-27T11:25:18","date_gmt":"2018-09-27T14:25:18","guid":{"rendered":"https:\/\/www.actualidadadiario.com\/?p=33774"},"modified":"2018-11-06T19:36:16","modified_gmt":"2018-11-06T22:36:16","slug":"enviaron-al-senado-el-pliego-de-nombramiento-del-reemplazante-de-caputo-en-el-central","status":"publish","type":"post","link":"https:\/\/www.actualidadadiario.com\/index.php\/2018\/09\/27\/enviaron-al-senado-el-pliego-de-nombramiento-del-reemplazante-de-caputo-en-el-central\/","title":{"rendered":"Enviaron al Senado el pliego de nombramiento del reemplazante de Caputo en el Central"},"content":{"rendered":"<p><em><strong>Sandleris podr\u00e1 comenzar a desempe\u00f1arse en el cargo a\u00fan si no se cumple este requisito. La Carta Org\u00e1nica del Banco Central dispone que tanto el presidente como los directores pueden ser designados &#8220;en comisi\u00f3n&#8221; por el Poder Ejecutivo<\/strong><\/em><\/p>\n<p>&nbsp;<\/p>\n<p>&nbsp;<\/p>\n<p>&nbsp;<\/p>\n<p>&nbsp;<\/p>\n<p>&nbsp;<\/p>\n<p>El Gobierno envi\u00f3 al Senado el pliego de nombramiento de Guido Sandleris al frente del Banco Central, cargo en el que reemplaza a Luis Caputo, quien renunci\u00f3 el \u00faltimo martes.<\/p>\n<p>&nbsp;<\/p>\n<p>El Poder Ejecutivo despach\u00f3 el pedido de acuerdo a trav\u00e9s del Mensaje 154-APN-PTE con fecha del martes, pero todav\u00eda no ingres\u00f3 a la C\u00e1mara alta.<\/p>\n<p>&nbsp;<\/p>\n<p>Una vez que el Senado lo reciba, el pliego deber\u00e1 pasar por la Comisi\u00f3n de Acuerdos y ser aprobado por el pleno de la C\u00e1mara, aunque Sandleris puede comenzar a desempe\u00f1arse a\u00fan si no se cumple ese requisito.<\/p>\n<p>&nbsp;<\/p>\n<p>La Carta Org\u00e1nica del Banco Central dispone que tanto el presidente como los directores de la m\u00e1xima entidad monetaria pueden ser designados &#8220;en comisi\u00f3n&#8221; por el Poder Ejecutivo, esto es sin el acuerdo del Senado, que no tiene un l\u00edmite de tiempo establecido para aprobar el pliego.<\/p>\n<p>&nbsp;<\/p>\n<p>De hecho, el Senado tard\u00f3 un a\u00f1o en dar su acuerdo para el primer titular del Banco Central elegido por el presidente Mauricio Macri, Federico Sturzenegger, mientras que Caputo nunca cont\u00f3 con ese aval.<\/p>\n","protected":false},"excerpt":{"rendered":"<p>Sandleris podr\u00e1 comenzar a desempe\u00f1arse en el cargo a\u00fan si no se cumple este requisito. La Carta Org\u00e1nica del Banco Central dispone que tanto el presidente como los directores pueden ser designados &#8220;en comisi\u00f3n&#8221; por el Poder Ejecutivo &nbsp; &nbsp; &nbsp; &nbsp; &nbsp; El Gobierno envi\u00f3 al Senado el pliego de nombramiento de Guido Sandleris al frente del Banco Central, cargo en el que reemplaza a Luis Caputo, quien renunci\u00f3 el \u00faltimo martes. &nbsp; El Poder Ejecutivo despach\u00f3 el pedido de acuerdo a trav\u00e9s del Mensaje 154-APN-PTE con fecha del&#8230;<\/p>\n","protected":false},"author":3,"featured_media":33775,"comment_status":"closed","ping_status":"closed","sticky":false,"template":"","format":"standard","meta":[],"categories":[18],"tags":[],"_links":{"self":[{"href":"https:\/\/www.actualidadadiario.com\/index.php\/wp-json\/wp\/v2\/posts\/33774"}],"collection":[{"href":"https:\/\/www.actualidadadiario.com\/index.php\/wp-json\/wp\/v2\/posts"}],"about":[{"href":"https:\/\/www.actualidadadiario.com\/index.php\/wp-json\/wp\/v2\/types\/post"}],"author":[{"embeddable":true,"href":"https:\/\/www.actualidadadiario.com\/index.php\/wp-json\/wp\/v2\/users\/3"}],"replies":[{"embeddable":true,"href":"https:\/\/www.actualidadadiario.com\/index.php\/wp-json\/wp\/v2\/comments?post=33774"}],"version-history":[{"count":1,"href":"https:\/\/www.actualidadadiario.com\/index.php\/wp-json\/wp\/v2\/posts\/33774\/revisions"}],"predecessor-version":[{"id":33776,"href":"https:\/\/www.actualidadadiario.com\/index.php\/wp-json\/wp\/v2\/posts\/33774\/revisions\/33776"}],"wp:featuredmedia":[{"embeddable":true,"href":"https:\/\/www.actualidadadiario.com\/index.php\/wp-json\/wp\/v2\/media\/33775"}],"wp:attachment":[{"href":"https:\/\/www.actualidadadiario.com\/index.php\/wp-json\/wp\/v2\/media?parent=33774"}],"wp:term":[{"taxonomy":"category","embeddable":true,"href":"https:\/\/www.actualidadadiario.com\/index.php\/wp-json\/wp\/v2\/categories?post=33774"},{"taxonomy":"post_tag","embeddable":true,"href":"https:\/\/www.actualidadadiario.com\/index.php\/wp-json\/wp\/v2\/tags?post=33774"}],"curies":[{"name":"wp","href":"https:\/\/api.w.org\/{rel}","templated":true}]}}