{"id":33766,"date":"2018-09-27T11:23:13","date_gmt":"2018-09-27T14:23:13","guid":{"rendered":"https:\/\/www.actualidadadiario.com\/?p=33766"},"modified":"2018-11-06T19:36:16","modified_gmt":"2018-11-06T22:36:16","slug":"los-salarios-caen-6-en-julio-y-crecen-reclamos-por-paritarias","status":"publish","type":"post","link":"https:\/\/www.actualidadadiario.com\/index.php\/2018\/09\/27\/los-salarios-caen-6-en-julio-y-crecen-reclamos-por-paritarias\/","title":{"rendered":"Los salarios caen 6% en julio y crecen reclamos por paritarias"},"content":{"rendered":"<p><em><strong>Se trata de datos oficiales. En el Gobierno ya descuentan que los pr\u00f3ximos meses tendr\u00e1n los peores datos del mercado de trabajo. Por otro lado, en agosto hubo una ca\u00edda de 0,5% en la creaci\u00f3n de empleo<\/strong><\/em><\/p>\n<p>&nbsp;<\/p>\n<p>&nbsp;<\/p>\n<p>&nbsp;<\/p>\n<p>&nbsp;<\/p>\n<p>En la nueva cartera que unifica a los ministerios de la Producci\u00f3n y de Trabajo se preparan para recibir una ola de pedidos de reaperturas de negociaciones paritarias de parte de los sindicatos, ante el salto de la inflaci\u00f3n. La presunci\u00f3n tiene toda l\u00f3gica y se fundamenta en n\u00fameros. De acuerdo al Reporte sobre Trabajo Registrado elaborado por esa cartera en julio pasado, el salario promedio del sistema formal cay\u00f3 6,1 % en t\u00e9rminos interanuales. Si el c\u00e1lculo se hace en base a la mediana estad\u00edstica (valor que se ubica en el centro en una serie) el poder de compra se redujo 8,8%.<\/p>\n<p>&nbsp;<\/p>\n<p>Los funcionarios de Trabajo entienden que el impacto de la devaluaci\u00f3n est\u00e1 comenzando a notarse con mayor nitidez, y suponen que por lo menos hasta noviembre de este a\u00f1o, los indicadores van a ir empeorando. De acuerdo con los datos oficiales en los primeros siete meses del 2018 el salario promedio mensual fue de $31.917. El a\u00f1o pasado, durante el mismo per\u00edodo, el salario fue $479 m\u00e1s alto, al ajustarlo por la inflaci\u00f3n.<\/p>\n<p>&nbsp;<\/p>\n<p>El reclamo va a ser inevitable. Los funcionarios creen que hay buena disposici\u00f3n de las empresas y de los gremios para sentarse a discutir, pero consideran que tales conversaciones tendr\u00e1n que ser &#8220;sector por sector&#8221;. Rechazan que se fije un n\u00famero general para todas, ya que entienden que cada paritaria tiene su particularidad. Cada gremio negoci\u00f3 n\u00fameros distintos y cada calendario paritario es diferente, de modo que la devaluaci\u00f3n los afecta de manera desigual.<\/p>\n<p>&nbsp;<\/p>\n<p>En cuanto a los datos, Trabajo inform\u00f3 que en agosto hab\u00eda declarados 12,2 millones de trabajadores. Respecto de un a\u00f1o atr\u00e1s son 41.300 m\u00e1s, un 0,3%. En cambio, con relaci\u00f3n a junio se perdieron 59.800 empleos, 0,5%. Los datos hacen la aclaraci\u00f3n que en julio en Agroindustria se comenz\u00f3 con un proceso de reempadronamiento de 47.900 monotributistas sociales rurales, lo cual alter\u00f3 la comparaci\u00f3n. Con ello la ca\u00edda intermensual de empleos ser\u00eda de 12.000 puestos.<\/p>\n<p>&nbsp;<\/p>\n<p>El total de trabajadores del sector privado registrado fue 8,7 millones. Todav\u00eda son 12.000 puestos m\u00e1s que hace un a\u00f1o. De ese total, 6,2 millones son empleados de empresas. Hay otro 1,6 mill\u00f3n de monotributistas, 490 mil empleados dom\u00e9sticos y 400 mil aut\u00f3nomos. En el sector p\u00fablico trabajan 3.156 millones de personas (10.000 menos que hace un a\u00f1o) y hay 343,5 monotributistas sociales.<\/p>\n<p>&nbsp;<\/p>\n<p>En tanto, la creaci\u00f3n de empleo en agosto registr\u00f3 una ca\u00edda del 0,5% en agosto, con relaci\u00f3n a igual mes del a\u00f1o pasado, seg\u00fan datos de la Encuesta de Indicadores Laborales que realiza la Secretar\u00eda de Trabajo. El reporte indica que la tasa de entrada (proporci\u00f3n de empleadores que dijeron haber incorporado personal) de agosto fue del 1,6% mientras que la tasa de salida (proporci\u00f3n de empresas que disminuy\u00f3 personal) fue del 2%<\/p>\n<p>&nbsp;<\/p>\n<p>Las empresas de entre 10 y 49 empleados presentaron un descenso interanual del 1,2% y las medianas, de 0,4%, mientras que las grandes firmas tuvieron un incremento del 0,1%. Las ramas que bajaron la creaci\u00f3n de empleo fueron Construcci\u00f3n, con el 4%, industria, 1,6%, Transporte Almacenaje y Transporte, 1,1 y Comercio, Restaurantes y Hoteles, con el 0,9%. Las actividades que crearon empleo fueron Servicios financieros y a las empresas, con el 1,1% y Servicios comunales, sociales y personales, con el 0,8%.<\/p>\n<p>&nbsp;<\/p>\n<p>Solo el 6,7% de las empresas tiene expectativas de aumentar la dotaci\u00f3n en los pr\u00f3ximos tres meses, mientras que el 6,5 espera subirlas. Eso deja un neto de 0,2 puntos porcentuales, el nivel m\u00e1s bajo desde octubre de 2013.<\/p>\n","protected":false},"excerpt":{"rendered":"<p>Se trata de datos oficiales. En el Gobierno ya descuentan que los pr\u00f3ximos meses tendr\u00e1n los peores datos del mercado de trabajo. Por otro lado, en agosto hubo una ca\u00edda de 0,5% en la creaci\u00f3n de empleo &nbsp; &nbsp; &nbsp; &nbsp; En la nueva cartera que unifica a los ministerios de la Producci\u00f3n y de Trabajo se preparan para recibir una ola de pedidos de reaperturas de negociaciones paritarias de parte de los sindicatos, ante el salto de la inflaci\u00f3n. La presunci\u00f3n tiene toda l\u00f3gica y se fundamenta en n\u00fameros&#8230;.<\/p>\n","protected":false},"author":3,"featured_media":32879,"comment_status":"closed","ping_status":"closed","sticky":false,"template":"","format":"standard","meta":[],"categories":[2],"tags":[],"_links":{"self":[{"href":"https:\/\/www.actualidadadiario.com\/index.php\/wp-json\/wp\/v2\/posts\/33766"}],"collection":[{"href":"https:\/\/www.actualidadadiario.com\/index.php\/wp-json\/wp\/v2\/posts"}],"about":[{"href":"https:\/\/www.actualidadadiario.com\/index.php\/wp-json\/wp\/v2\/types\/post"}],"author":[{"embeddable":true,"href":"https:\/\/www.actualidadadiario.com\/index.php\/wp-json\/wp\/v2\/users\/3"}],"replies":[{"embeddable":true,"href":"https:\/\/www.actualidadadiario.com\/index.php\/wp-json\/wp\/v2\/comments?post=33766"}],"version-history":[{"count":1,"href":"https:\/\/www.actualidadadiario.com\/index.php\/wp-json\/wp\/v2\/posts\/33766\/revisions"}],"predecessor-version":[{"id":33767,"href":"https:\/\/www.actualidadadiario.com\/index.php\/wp-json\/wp\/v2\/posts\/33766\/revisions\/33767"}],"wp:featuredmedia":[{"embeddable":true,"href":"https:\/\/www.actualidadadiario.com\/index.php\/wp-json\/wp\/v2\/media\/32879"}],"wp:attachment":[{"href":"https:\/\/www.actualidadadiario.com\/index.php\/wp-json\/wp\/v2\/media?parent=33766"}],"wp:term":[{"taxonomy":"category","embeddable":true,"href":"https:\/\/www.actualidadadiario.com\/index.php\/wp-json\/wp\/v2\/categories?post=33766"},{"taxonomy":"post_tag","embeddable":true,"href":"https:\/\/www.actualidadadiario.com\/index.php\/wp-json\/wp\/v2\/tags?post=33766"}],"curies":[{"name":"wp","href":"https:\/\/api.w.org\/{rel}","templated":true}]}}