{"id":33763,"date":"2018-09-27T11:22:14","date_gmt":"2018-09-27T14:22:14","guid":{"rendered":"https:\/\/www.actualidadadiario.com\/?p=33763"},"modified":"2018-11-06T19:36:58","modified_gmt":"2018-11-06T22:36:58","slug":"excombatientes-de-malvinas-se-manifestaron-frente-al-congreso","status":"publish","type":"post","link":"https:\/\/www.actualidadadiario.com\/index.php\/2018\/09\/27\/excombatientes-de-malvinas-se-manifestaron-frente-al-congreso\/","title":{"rendered":"Excombatientes de Malvinas se manifestaron frente al Congreso"},"content":{"rendered":"<p><em><strong>Para reclamar pensiones, vinieron de distintos puntos del pa\u00eds y se reunieron con senadores nacionales<\/strong><\/em><\/p>\n<p>&nbsp;<\/p>\n<p>&nbsp;<\/p>\n<p>&nbsp;<\/p>\n<p>&nbsp;<\/p>\n<p>Integrantes de la Confederaci\u00f3n de Combatientes de Malvinas de todo el pa\u00eds se manifestaron frente al Congreso y se reunieron con senadores nacionales para reclamar pensiones por su participaci\u00f3n en la guerra contra el Reino Unido de 1982. Los excombatientes pidieron a los legisladores el pronto tratamiento de una ley, que ampl\u00eda el R\u00e9gimen de Pensiones de Guerra hasta los nietos de los veteranos.<\/p>\n<p>&nbsp;<\/p>\n<p>Adem\u00e1s, reclamaron por unos 600 expedientes de indemnizaciones que reconocen diferentes porcentajes de discapacidades de los exsoldados, algo que debe ser avalado por el Ministerio de Defensa que conduce Oscar Aguad. En el Senado, fueron recibidos por los legisladores Cristina Fiore (Salta-Partido Renovador), Humberto Schiavoni (PRO- Misiones), Julio Catal\u00e1n Magni (Justicialista-Tierra del Fuego).<\/p>\n<p>&nbsp;<\/p>\n<p>Por su parte, del encuentro tambi\u00e9n particip\u00f3 el vicegobernador de Tierra del Fuego, Juan Carlos Arcando. Antes del concentrarse en el Congreso, los veteranos estuvieron la esquina de en Marcelo T. De Alvear y Callao, en las puertas del Juzgado 2 de Seguridad Social, donde est\u00e1n radicadas las causas que reclaman un retroactivo por los diez a\u00f1os (entre 1982 y 1992) en los que no fueron reconocidos y no recibieron pensiones.<\/p>\n<p>&nbsp;<\/p>\n<p>En tanto, los veteranos tambi\u00e9n reclamaron por la soberan\u00eda, en rechazo al acta que firm\u00f3 el Gobierno Nacional en septiembre de 2016 con el Reino Unido para profundizar la relaci\u00f3n con las Islas Malvinas. \u201cDe a poquito, se va construyendo confianza y se genera un mayor di\u00e1logo con el Reino Unido&#8221;, dijo el canciller Jorge Faurie, y augur\u00f3 que en un futuro, se podr\u00e1 debatir la soberan\u00eda de las Islas Malvinas.<\/p>\n<p>&nbsp;<\/p>\n<p>&#8220;Desde el inicio del Gobierno hemos venido en una pol\u00edtica de recrear confianza entre nosotros y el Reino Unido que lleven en alguna etapa oportuna a una mesa de negociaci\u00f3n del tema que nos interesa, que son las cuestiones de soberan\u00eda&#8221;, cont\u00f3 a la salida de un reuni\u00f3n de Gabinete en la Quinta de Olivos.<\/p>\n","protected":false},"excerpt":{"rendered":"<p>Para reclamar pensiones, vinieron de distintos puntos del pa\u00eds y se reunieron con senadores nacionales &nbsp; &nbsp; &nbsp; &nbsp; Integrantes de la Confederaci\u00f3n de Combatientes de Malvinas de todo el pa\u00eds se manifestaron frente al Congreso y se reunieron con senadores nacionales para reclamar pensiones por su participaci\u00f3n en la guerra contra el Reino Unido de 1982. Los excombatientes pidieron a los legisladores el pronto tratamiento de una ley, que ampl\u00eda el R\u00e9gimen de Pensiones de Guerra hasta los nietos de los veteranos. &nbsp; Adem\u00e1s, reclamaron por unos 600 expedientes&#8230;<\/p>\n","protected":false},"author":3,"featured_media":33764,"comment_status":"closed","ping_status":"closed","sticky":false,"template":"","format":"standard","meta":[],"categories":[2],"tags":[],"_links":{"self":[{"href":"https:\/\/www.actualidadadiario.com\/index.php\/wp-json\/wp\/v2\/posts\/33763"}],"collection":[{"href":"https:\/\/www.actualidadadiario.com\/index.php\/wp-json\/wp\/v2\/posts"}],"about":[{"href":"https:\/\/www.actualidadadiario.com\/index.php\/wp-json\/wp\/v2\/types\/post"}],"author":[{"embeddable":true,"href":"https:\/\/www.actualidadadiario.com\/index.php\/wp-json\/wp\/v2\/users\/3"}],"replies":[{"embeddable":true,"href":"https:\/\/www.actualidadadiario.com\/index.php\/wp-json\/wp\/v2\/comments?post=33763"}],"version-history":[{"count":1,"href":"https:\/\/www.actualidadadiario.com\/index.php\/wp-json\/wp\/v2\/posts\/33763\/revisions"}],"predecessor-version":[{"id":33765,"href":"https:\/\/www.actualidadadiario.com\/index.php\/wp-json\/wp\/v2\/posts\/33763\/revisions\/33765"}],"wp:featuredmedia":[{"embeddable":true,"href":"https:\/\/www.actualidadadiario.com\/index.php\/wp-json\/wp\/v2\/media\/33764"}],"wp:attachment":[{"href":"https:\/\/www.actualidadadiario.com\/index.php\/wp-json\/wp\/v2\/media?parent=33763"}],"wp:term":[{"taxonomy":"category","embeddable":true,"href":"https:\/\/www.actualidadadiario.com\/index.php\/wp-json\/wp\/v2\/categories?post=33763"},{"taxonomy":"post_tag","embeddable":true,"href":"https:\/\/www.actualidadadiario.com\/index.php\/wp-json\/wp\/v2\/tags?post=33763"}],"curies":[{"name":"wp","href":"https:\/\/api.w.org\/{rel}","templated":true}]}}