{"id":33758,"date":"2018-09-27T11:20:58","date_gmt":"2018-09-27T14:20:58","guid":{"rendered":"https:\/\/www.actualidadadiario.com\/?p=33758"},"modified":"2018-11-06T19:36:58","modified_gmt":"2018-11-06T22:36:58","slug":"empresas-de-telefonia-aumentaran-el-precio-de-sus-servicios-antes-de-fin-de-ano","status":"publish","type":"post","link":"https:\/\/www.actualidadadiario.com\/index.php\/2018\/09\/27\/empresas-de-telefonia-aumentaran-el-precio-de-sus-servicios-antes-de-fin-de-ano\/","title":{"rendered":"Empresas de telefon\u00eda aumentar\u00e1n el precio de sus servicios antes de fin de a\u00f1o"},"content":{"rendered":"<p><em><strong>Esto incluye la telefon\u00eda fija, m\u00f3vil y el servicio de Internet. Los aumentos var\u00edan de entre un 8 y un 20%, seg\u00fan el plan contratado<\/strong><\/em><\/p>\n<p>&nbsp;<\/p>\n<p>&nbsp;<\/p>\n<p>&nbsp;<\/p>\n<p>&nbsp;<\/p>\n<p>El ajuste se har\u00e1 notar en los precios de los servicios de telefon\u00eda fija y m\u00f3vil, adem\u00e1s de en los de Internet. Las principales empresas del pa\u00eds ya anunciaron que aumentar\u00e1n sus tarifas entre un 8 y un 30%, dependiendo del tipo de plan contratado. Aun as\u00ed, aseguran que el ajuste no es suficiente para afrontar los costos.<\/p>\n<p>&nbsp;<\/p>\n<p>En el caso de la telefon\u00eda m\u00f3vil, ya se hab\u00edan registrado incrementos durante los primeros meses del a\u00f1o, cuando Claro aument\u00f3 sus precios un 10% y, tanto Movistar como Personal, un 12%. Ahora, aplicar\u00e1n un nuevo incremento. Mientras que Personal ajust\u00f3 sus tarifas un 8% en agosto y Claro, un 10%; Movistar aplicar\u00e1 un aumento del 19%, a partir de noviembre, que reci\u00e9n ser\u00e1 percibido por los usuarios en enero.<\/p>\n<p>&nbsp;<\/p>\n<p>De esta forma, el aumento de las tarifas de celulares acumula una suba de entre un 20 y 29%.<\/p>\n<p>&nbsp;<\/p>\n<p>Adem\u00e1s, Telecom\/Cablevisi\u00f3n y Movistar aplicar\u00e1n incrementos a sus tarifas de Internet. Por su lado, en julio Telecom hab\u00eda aumentado un 8% los precios a sus clientes de Arnet, y en septiembre har\u00e1 lo mismo con los de Fibertel. Movistar, por su parte, aumentar\u00e1 sus facturas un 19%, a partir de noviembre o diciembre.<\/p>\n<p>&nbsp;<\/p>\n<p>La telefon\u00eda fija tambi\u00e9n se ve afectada, aun cuando ya no quedan muchos usuarios. Telecom aumentar\u00e1 un 15% los planes de tal servicio; y Movistar (antes Telef\u00f3nica), registrar\u00e1 una suba del 19% en sus precios.<\/p>\n<p>&nbsp;<\/p>\n<p>&#8220;Nos vemos obligados a ajustar para mantener un equilibrio entre nuestros ingresos y el incremento de nuestros costos fijos que incluyen, entre otros, los servicios, mano de obra y carga impositiva. De todas formas, nunca los ajustes llegan a equipararse con el incremento de nuestros costos&#8221;, se\u00f1alaron desde la empresa Movistar.<\/p>\n<p>&nbsp;<\/p>\n<p>Los porcentajes aqu\u00ed dados son estimativos y var\u00edan seg\u00fan el plan que tenga contratado cada usuario.<\/p>\n","protected":false},"excerpt":{"rendered":"<p>Esto incluye la telefon\u00eda fija, m\u00f3vil y el servicio de Internet. Los aumentos var\u00edan de entre un 8 y un 20%, seg\u00fan el plan contratado &nbsp; &nbsp; &nbsp; &nbsp; El ajuste se har\u00e1 notar en los precios de los servicios de telefon\u00eda fija y m\u00f3vil, adem\u00e1s de en los de Internet. Las principales empresas del pa\u00eds ya anunciaron que aumentar\u00e1n sus tarifas entre un 8 y un 30%, dependiendo del tipo de plan contratado. Aun as\u00ed, aseguran que el ajuste no es suficiente para afrontar los costos. &nbsp; En el&#8230;<\/p>\n","protected":false},"author":3,"featured_media":33759,"comment_status":"closed","ping_status":"closed","sticky":false,"template":"","format":"standard","meta":[],"categories":[2],"tags":[],"_links":{"self":[{"href":"https:\/\/www.actualidadadiario.com\/index.php\/wp-json\/wp\/v2\/posts\/33758"}],"collection":[{"href":"https:\/\/www.actualidadadiario.com\/index.php\/wp-json\/wp\/v2\/posts"}],"about":[{"href":"https:\/\/www.actualidadadiario.com\/index.php\/wp-json\/wp\/v2\/types\/post"}],"author":[{"embeddable":true,"href":"https:\/\/www.actualidadadiario.com\/index.php\/wp-json\/wp\/v2\/users\/3"}],"replies":[{"embeddable":true,"href":"https:\/\/www.actualidadadiario.com\/index.php\/wp-json\/wp\/v2\/comments?post=33758"}],"version-history":[{"count":1,"href":"https:\/\/www.actualidadadiario.com\/index.php\/wp-json\/wp\/v2\/posts\/33758\/revisions"}],"predecessor-version":[{"id":33760,"href":"https:\/\/www.actualidadadiario.com\/index.php\/wp-json\/wp\/v2\/posts\/33758\/revisions\/33760"}],"wp:featuredmedia":[{"embeddable":true,"href":"https:\/\/www.actualidadadiario.com\/index.php\/wp-json\/wp\/v2\/media\/33759"}],"wp:attachment":[{"href":"https:\/\/www.actualidadadiario.com\/index.php\/wp-json\/wp\/v2\/media?parent=33758"}],"wp:term":[{"taxonomy":"category","embeddable":true,"href":"https:\/\/www.actualidadadiario.com\/index.php\/wp-json\/wp\/v2\/categories?post=33758"},{"taxonomy":"post_tag","embeddable":true,"href":"https:\/\/www.actualidadadiario.com\/index.php\/wp-json\/wp\/v2\/tags?post=33758"}],"curies":[{"name":"wp","href":"https:\/\/api.w.org\/{rel}","templated":true}]}}