{"id":33755,"date":"2018-09-27T11:20:20","date_gmt":"2018-09-27T14:20:20","guid":{"rendered":"https:\/\/www.actualidadadiario.com\/?p=33755"},"modified":"2018-11-06T19:36:58","modified_gmt":"2018-11-06T22:36:58","slug":"el-deficit-comercial-sigue-firme","status":"publish","type":"post","link":"https:\/\/www.actualidadadiario.com\/index.php\/2018\/09\/27\/el-deficit-comercial-sigue-firme\/","title":{"rendered":"El d\u00e9ficit comercial sigue firme"},"content":{"rendered":"<p><em><strong>El rojo fue de 1127 millones en agosto y acumula 6993 millones<\/strong><\/em><\/p>\n<p>&nbsp;<\/p>\n<p>&nbsp;<\/p>\n<p>&nbsp;<\/p>\n<p>&nbsp;<\/p>\n<p>Pese a la fuerte suba que registr\u00f3 el d\u00f3lar, el d\u00e9ficit comercial de agosto trep\u00f3 a 1127 millones de d\u00f3lares y el rojo acumulado en ocho meses es de 6993 millones, un 57,6 por ciento m\u00e1s que en el mismo per\u00edodo de 2017, seg\u00fan inform\u00f3 ayer el Indec. Las exportaciones cayeron 1,4 por ciento por el impacto provocado por la sequ\u00eda, mientras que las importaciones retrocedieron apenas 0,3 por ciento. En este \u00faltimo caso, las cantidades se contrajeron 5,4 por ciento, pero la ca\u00edda no fue mayor porque los precios treparon 5,5 por ciento. M\u00e1s all\u00e1 de estos datos, los especialistas prev\u00e9n una disminuci\u00f3n de las compras en el exterior durante los pr\u00f3ximos meses, fundamentalmente por la recesi\u00f3n que atraviesa la econom\u00eda.<\/p>\n<p>&nbsp;<\/p>\n<p>Las exportaciones aportaron 5167 millones de d\u00f3lares impulsadas fundamentalmente por la suba de 6,1 por ciento en los precios, ya que las cantidades retrocedieron 7,2 por ciento. El mayor impacto se registr\u00f3 en los productos primarios que se derrumbaron 20,5 por ciento de manera interanual aportando 1090 millones. Los precios de estos bienes aumentaron 12,7 por ciento, pero las cantidades cayeron nada menos que un 29,4 por ciento por la sequ\u00eda. La ca\u00edda interanual se debi\u00f3, fundamentalmente, a las menores ventas de porotos de soja que disminuyeron 322 millones de d\u00f3lares.<\/p>\n<p>&nbsp;<\/p>\n<p>Las Manufacturas de Origen Agropecuario treparon apenas 8 millones de d\u00f3lares en la comparaci\u00f3n interanual, un 0,4 por ciento. Las ventas de carne aportaron 86 millones adicionales, pero las partidas \u201charina y pellets de aceite de soja\u201d cayeron 84 millones y el aceite de soja en bruto otros 58 millones respecto a agosto de 2017.<\/p>\n<p>&nbsp;<\/p>\n<p>El Indec le atribuy\u00f3 al complejo sojero el flojo desempe\u00f1o exportador al afirmar que la suma de las exportaciones netas de los cuatro principales productos de exportaci\u00f3n derivados del cultivo de la soja registr\u00f3 en agosto pasado respecto de igual mes del a\u00f1o anterior, una ca\u00edda de 687 millones de d\u00f3lares, lo que represent\u00f3 una p\u00e9rdida de ingresos equivalente al 60,9 por ciento del d\u00e9ficit comercial de agosto<\/p>\n<p>&nbsp;<\/p>\n<p>El aumento interanual de las exportaciones de Manufacturas de Origen Industrial (11,4 por ciento) se debi\u00f3 principalmente a mayores ventas de autom\u00f3viles, tractores y dem\u00e1s veh\u00edculos, principalmente a Brasil. Adem\u00e1s, las exportaciones de carnes crecieron 58 por ciento en agosto. A su vez, el rubro \u201ccombustibles y energ\u00eda\u201d trep\u00f3 7,8 por ciento.<\/p>\n<p>&nbsp;<\/p>\n<p>En lo respecta a las importaciones, las de bienes de capital cayeron 24,9 por ciento, por una combinaci\u00f3n de baja de precios (-10,9 por ciento) y cantidades (-15,7); las de piezas y accesorios para bienes de capital retrocedieron 9,4 por ciento, por una baja de cantidades del 11,4 por ciento ya que los precios subieron 2,2 por ciento; las de bienes de consumo retrocedieron 4 por ciento por precios (-6,2) y cantidades (-2,.3) y las de veh\u00edculos automotores de pasajeros disminuyeron 15,3 por ciento por precios (-0,5) y cantidades\u00a0\u00a0\u00a0\u00a0\u00a0\u00a0\u00a0\u00a0\u00a0\u00a0 (-14,7 por ciento). A su vez, las que crecieron fueron las de bienes intermedios (16,7 por ciento) por precios (10,4) y cantidades (5,7) y las de combustibles, que treparon un 57,1 por ciento por precio (33,4) y cantidades (15,7 por ciento).<\/p>\n","protected":false},"excerpt":{"rendered":"<p>El rojo fue de 1127 millones en agosto y acumula 6993 millones &nbsp; &nbsp; &nbsp; &nbsp; Pese a la fuerte suba que registr\u00f3 el d\u00f3lar, el d\u00e9ficit comercial de agosto trep\u00f3 a 1127 millones de d\u00f3lares y el rojo acumulado en ocho meses es de 6993 millones, un 57,6 por ciento m\u00e1s que en el mismo per\u00edodo de 2017, seg\u00fan inform\u00f3 ayer el Indec. Las exportaciones cayeron 1,4 por ciento por el impacto provocado por la sequ\u00eda, mientras que las importaciones retrocedieron apenas 0,3 por ciento. En este \u00faltimo caso,&#8230;<\/p>\n","protected":false},"author":3,"featured_media":33756,"comment_status":"closed","ping_status":"closed","sticky":false,"template":"","format":"standard","meta":[],"categories":[2],"tags":[],"_links":{"self":[{"href":"https:\/\/www.actualidadadiario.com\/index.php\/wp-json\/wp\/v2\/posts\/33755"}],"collection":[{"href":"https:\/\/www.actualidadadiario.com\/index.php\/wp-json\/wp\/v2\/posts"}],"about":[{"href":"https:\/\/www.actualidadadiario.com\/index.php\/wp-json\/wp\/v2\/types\/post"}],"author":[{"embeddable":true,"href":"https:\/\/www.actualidadadiario.com\/index.php\/wp-json\/wp\/v2\/users\/3"}],"replies":[{"embeddable":true,"href":"https:\/\/www.actualidadadiario.com\/index.php\/wp-json\/wp\/v2\/comments?post=33755"}],"version-history":[{"count":1,"href":"https:\/\/www.actualidadadiario.com\/index.php\/wp-json\/wp\/v2\/posts\/33755\/revisions"}],"predecessor-version":[{"id":33757,"href":"https:\/\/www.actualidadadiario.com\/index.php\/wp-json\/wp\/v2\/posts\/33755\/revisions\/33757"}],"wp:featuredmedia":[{"embeddable":true,"href":"https:\/\/www.actualidadadiario.com\/index.php\/wp-json\/wp\/v2\/media\/33756"}],"wp:attachment":[{"href":"https:\/\/www.actualidadadiario.com\/index.php\/wp-json\/wp\/v2\/media?parent=33755"}],"wp:term":[{"taxonomy":"category","embeddable":true,"href":"https:\/\/www.actualidadadiario.com\/index.php\/wp-json\/wp\/v2\/categories?post=33755"},{"taxonomy":"post_tag","embeddable":true,"href":"https:\/\/www.actualidadadiario.com\/index.php\/wp-json\/wp\/v2\/tags?post=33755"}],"curies":[{"name":"wp","href":"https:\/\/api.w.org\/{rel}","templated":true}]}}