{"id":33749,"date":"2018-09-27T11:18:31","date_gmt":"2018-09-27T14:18:31","guid":{"rendered":"https:\/\/www.actualidadadiario.com\/?p=33749"},"modified":"2018-11-06T19:36:58","modified_gmt":"2018-11-06T22:36:58","slug":"el-gobierno-y-upcn-avanzaron-en-la-recategorizaciones-del-personal-administrativo","status":"publish","type":"post","link":"https:\/\/www.actualidadadiario.com\/index.php\/2018\/09\/27\/el-gobierno-y-upcn-avanzaron-en-la-recategorizaciones-del-personal-administrativo\/","title":{"rendered":"El Gobierno y UPCN avanzaron en la recategorizaciones del personal administrativo"},"content":{"rendered":"<p><em><strong>Representantes del Gobierno provincial y de la Uni\u00f3n Personal Civil de la Naci\u00f3n (UPCN) se reunieron este mi\u00e9rcoles para dialogar sobre el instructivo para las recategorizaciones en la administraci\u00f3n p\u00fablica. El Ejecutivo present\u00f3 un borrador que contiene varias de las demandas que hab\u00eda planteado el sindicato en el encuentro anterior<\/strong><\/em><\/p>\n<p>&nbsp;<\/p>\n<p>&nbsp;<\/p>\n<p>&nbsp;<\/p>\n<p>&nbsp;<\/p>\n<p>&nbsp;<\/p>\n<p>Entre los avances a destacar se encuentran:<\/p>\n<p>&nbsp;<\/p>\n<ul>\n<li>La consideraci\u00f3n de que \u201ccuando un agente sea susceptible de ser encuadrado en m\u00e1s de un \u00edtem, se le otorgar\u00e1 la categor\u00eda que resulte m\u00e1s beneficiosa\u201d.<\/li>\n<\/ul>\n<p>&nbsp;<\/p>\n<ul>\n<li>La diferenciaci\u00f3n del personal administrativo que antes estaba junto con el agrupamiento de personal de servicios.<\/li>\n<\/ul>\n<p>&nbsp;<\/p>\n<ul>\n<li>Se contempl\u00f3 a los profesionales del escalaf\u00f3n general que cumplen funciones en las \u00e1reas de Salud Mental.<\/li>\n<\/ul>\n<p>&nbsp;<\/p>\n<ul>\n<li>Incluye un nuevo \u00edtem de \u201cestudiantes avanzados\u201d, que beneficiar\u00e1 a los compa\u00f1eros que tengan m\u00e1s del 60 % de la carrera universitaria aprobada.<\/li>\n<\/ul>\n<p>&nbsp;<\/p>\n<ul>\n<li>\u201cSe acumular\u00e1n las antig\u00fcedades correspondientes a las Jefaturas de Divisi\u00f3n y de Departamento o equivalentes cuando se hayan ejercido en forma continua\u201d.<\/li>\n<\/ul>\n<p>&nbsp;<\/p>\n<p>A su vez, atendiendo el reclamo del gremio, el Gobierno asumi\u00f3 el compromiso de garantizar una instancia de discusi\u00f3n para los reg\u00edmenes especiales y circunstancias particulares, como por ejemplo, el caso del Instituto Provincial de la Discapacidad (Iprodi).<\/p>\n<p>&nbsp;<\/p>\n<p>\u201cInsistiremos en el reconocimiento para los trabajadores que ya cumplieron 30 a\u00f1os de antig\u00fcedad. Lo consideramos un punto fundamental dentro del contexto socioecon\u00f3mico en el que estamos viviendo teniendo en cuenta la situaci\u00f3n de la Caja de Jubilaciones de la Provincia\u201d, declararon desde el gremio.<\/p>\n<p>&nbsp;<\/p>\n<p>Cabe mencionar que en d\u00edas pasados el titular de la Caja, Daniel El\u00edas, resalt\u00f3 la posibilidad de \u201cprolongar la vida laboral\u201d y \u201cpensar en alternativas para brindar la posibilidad de que los trabajadores contin\u00faen con su carrera\u201d.<\/p>\n<p>&nbsp;<\/p>\n<p>Desde UPCN afirmaron: \u201cTodav\u00eda hay discusiones pendientes. Sin embargo, esperamos lograr en la pr\u00f3xima reuni\u00f3n un entendimiento con el Gobierno que permita la r\u00e1pida aprobaci\u00f3n del instructivo\u201d.<\/p>\n<p>&nbsp;<\/p>\n<p>La recategorizaci\u00f3n impactar\u00e1 alrededor de 10.000 trabajadores.<\/p>\n","protected":false},"excerpt":{"rendered":"<p>Representantes del Gobierno provincial y de la Uni\u00f3n Personal Civil de la Naci\u00f3n (UPCN) se reunieron este mi\u00e9rcoles para dialogar sobre el instructivo para las recategorizaciones en la administraci\u00f3n p\u00fablica. El Ejecutivo present\u00f3 un borrador que contiene varias de las demandas que hab\u00eda planteado el sindicato en el encuentro anterior &nbsp; &nbsp; &nbsp; &nbsp; &nbsp; Entre los avances a destacar se encuentran: &nbsp; La consideraci\u00f3n de que \u201ccuando un agente sea susceptible de ser encuadrado en m\u00e1s de un \u00edtem, se le otorgar\u00e1 la categor\u00eda que resulte m\u00e1s beneficiosa\u201d. &nbsp;&#8230;<\/p>\n","protected":false},"author":3,"featured_media":33750,"comment_status":"closed","ping_status":"closed","sticky":false,"template":"","format":"standard","meta":[],"categories":[15],"tags":[],"_links":{"self":[{"href":"https:\/\/www.actualidadadiario.com\/index.php\/wp-json\/wp\/v2\/posts\/33749"}],"collection":[{"href":"https:\/\/www.actualidadadiario.com\/index.php\/wp-json\/wp\/v2\/posts"}],"about":[{"href":"https:\/\/www.actualidadadiario.com\/index.php\/wp-json\/wp\/v2\/types\/post"}],"author":[{"embeddable":true,"href":"https:\/\/www.actualidadadiario.com\/index.php\/wp-json\/wp\/v2\/users\/3"}],"replies":[{"embeddable":true,"href":"https:\/\/www.actualidadadiario.com\/index.php\/wp-json\/wp\/v2\/comments?post=33749"}],"version-history":[{"count":1,"href":"https:\/\/www.actualidadadiario.com\/index.php\/wp-json\/wp\/v2\/posts\/33749\/revisions"}],"predecessor-version":[{"id":33751,"href":"https:\/\/www.actualidadadiario.com\/index.php\/wp-json\/wp\/v2\/posts\/33749\/revisions\/33751"}],"wp:featuredmedia":[{"embeddable":true,"href":"https:\/\/www.actualidadadiario.com\/index.php\/wp-json\/wp\/v2\/media\/33750"}],"wp:attachment":[{"href":"https:\/\/www.actualidadadiario.com\/index.php\/wp-json\/wp\/v2\/media?parent=33749"}],"wp:term":[{"taxonomy":"category","embeddable":true,"href":"https:\/\/www.actualidadadiario.com\/index.php\/wp-json\/wp\/v2\/categories?post=33749"},{"taxonomy":"post_tag","embeddable":true,"href":"https:\/\/www.actualidadadiario.com\/index.php\/wp-json\/wp\/v2\/tags?post=33749"}],"curies":[{"name":"wp","href":"https:\/\/api.w.org\/{rel}","templated":true}]}}