{"id":33746,"date":"2018-09-27T11:17:54","date_gmt":"2018-09-27T14:17:54","guid":{"rendered":"https:\/\/www.actualidadadiario.com\/?p=33746"},"modified":"2018-11-06T19:36:58","modified_gmt":"2018-11-06T22:36:58","slug":"se-debatio-en-la-comision-de-seguridad-el-proyecto-de-giano-que-apunta-a-frenar-la-violencia-laboral-contra-las-mujeres","status":"publish","type":"post","link":"https:\/\/www.actualidadadiario.com\/index.php\/2018\/09\/27\/se-debatio-en-la-comision-de-seguridad-el-proyecto-de-giano-que-apunta-a-frenar-la-violencia-laboral-contra-las-mujeres\/","title":{"rendered":"Se debati\u00f3 en la Comisi\u00f3n de Seguridad el proyecto de Giano que apunta a frenar la violencia laboral contra las mujeres"},"content":{"rendered":"<p><em><strong>Con la presencia de invitados especiales, se debati\u00f3 este mi\u00e9rcoles en el pleno de la Comisi\u00f3n de Seguridad del Senado, que preside el senador por Concordia, \u00c1ngel Giano, el proyecto de su autor\u00eda que busca incorporar al C\u00f3digo Procesal Laboral la protecci\u00f3n por violencia laboral hacia las mujeres<\/strong><\/em><\/p>\n<p>&nbsp;<\/p>\n<p>&nbsp;<\/p>\n<p>&nbsp;<\/p>\n<p>&nbsp;<\/p>\n<p>&nbsp;<\/p>\n<p>Emilio Castrill\u00f3n, presidente del Superior Tribunal de Justicia de Entre R\u00edos, Bernardo Salduna, vocal de la Sala Laboral del STJ, Yanina Yzet, titular de la Oficina de Violencia de G\u00e9nero del STJ, Mar\u00eda Gabriela L\u00f3pez Arango, presidenta de la Asociaci\u00f3n de Magistrados de Entre R\u00edos, Emilio Matorras, de la Sala de Trabajo, Fabiola Bogado Ibarra, en representaci\u00f3n de la Asociaci\u00f3n de Mujeres Juezas, Oscar Balla, secretario de Trabajo y Seguridad Social, y el director de la entidad, Silvio Pucheta, la titular del Consejo de Prevenci\u00f3n y Dise\u00f1o de Pol\u00edticas P\u00fablicas Contra las Violencias (Coprev) Mariana Broggi, se reunieron para analizar los principales aspectos del proyecto que busca dar respuestas concretas para frenar la violencia contra las mujeres en el \u00e1mbito laboral.<\/p>\n<p>&nbsp;<\/p>\n<p>\u201cConsideramos una prioridad buscar soluciones a los problemas de la violencia de g\u00e9nero de manera conjunta\u201d, sostuvo Giano al destacar el trabajo articulado que se viene realizando en este sentido en el \u00e1mbito legislativo con distintas organizaciones p\u00fablicas y privadas y con los tres poderes del Estado con el fin de sancionar el proyecto de ley.<\/p>\n<p>&nbsp;<\/p>\n<p>Por su parte, el presidente del Superior Tribunal de Justicia, Emilio Castrill\u00f3n, ponder\u00f3 la iniciativa y sostuvo que \u201ces necesario trabajar en forma coordinada entre los distintos poderes del Estado para hacer m\u00e1s efectiva las acciones\u201d.<\/p>\n<p>&nbsp;<\/p>\n<p>Adem\u00e1s, los magistrados L\u00f3pez Arango y Emilio Matorras destacaron la convocatoria que busca adecuar las normativas y evitar la violencia contra las mujeres, al tiempo que brindaron ejemplos de casos tratados en la Justicia entrerriana y los alcances de las leyes vigentes.<\/p>\n<p>&nbsp;<\/p>\n<p>La ley adhiere al esp\u00edritu de la normativa nacional y propone evitar que se quebrante el derecho de igual remuneraci\u00f3n por igual tarea, el hostigamiento psicol\u00f3gico, o las distintas formas de violencia que buscan excluir a una trabajadora de su espacio laboral, tal como lo indica la Ley Nacional N\u00b0 26.485, entre otros aspectos.<\/p>\n<p>&nbsp;<\/p>\n<p>Tambi\u00e9n la titular de la oficina de Violencia de G\u00e9nero (OVG), Yanina Yzet, resalt\u00f3 la importancia del proyecto que busca tutelar una de las violencias en los \u00e1mbitos en que ocurre. Y subray\u00f3 la importancia que tiene haber especificado lo que se entiende por violencia, \u201cen particular lo que pasan las mujeres, un grupo vulnerable espec\u00edfico que necesita de un tratamiento especial\u201d.<\/p>\n<p>&nbsp;<\/p>\n<p>\u201cEl hecho de definirlo en este primer art\u00edculo brinda claridad y recepta los principios de la ley nacional\u201d, asegur\u00f3, al tiempo que destac\u00f3 que la ley permita que otra persona pueda denunciar porque significa \u201cpensar en la vulnerabilidad que tienen las mujeres en situaciones de violencia\u201d.<\/p>\n<p>&nbsp;<\/p>\n<p>\u201cEl proyecto se sostiene en funci\u00f3n de los datos oficiales que se han recopilado en esta oficina (la Oficina de Violencia de G\u00e9nero del STJ) en forma de estad\u00edsticas que surgen de todos los juzgados de la provincia\u201d, sostuvo.<\/p>\n<p>&nbsp;<\/p>\n<p>\u201cDebemos proporcionar alternativas en el marco de la protecci\u00f3n y a los efectos de hacer cesar situaciones de violencia. M\u00e1s all\u00e1 de c\u00f3mo quede finalmente redactado el articulado, el proyecto tiene una coherencia con lo que plantea la ley nacional\u201d, se\u00f1al\u00f3 Yzet.<\/p>\n<p>&nbsp;<\/p>\n<p>En tanto, Mariana Broggi y Gonzalo Garc\u00eda, del Coprev, indicaron que se deben plantear opciones desde una perspectiva de g\u00e9nero: \u201cLas mujeres estamos en una situaci\u00f3n de vulnerabilidad y por eso se ha avanzado en legislaci\u00f3n internacional, nacional y provincial, donde lo que buscamos es acercarnos a las posibilidades de soluciones concretas para las mujeres que vienen a plantear las diferentes formas de violencia que les toca vivir\u201d, dijo Broggi.<\/p>\n<p>&nbsp;<\/p>\n<p>Por su parte, Garc\u00eda se\u00f1al\u00f3 que \u201cvincular los tres poderes es un signo democr\u00e1tico a destacar\u201d y agreg\u00f3 que \u201cla problem\u00e1tica de violencia de g\u00e9nero es uno de los problemas de vulneraci\u00f3n de derechos m\u00e1s importantes y esto implica un trabajo significativo\u201d.<\/p>\n<p>&nbsp;<\/p>\n<p>\u201cEn este marco, el proyecto de ley es un aporte m\u00e1s que positivo para dar soluci\u00f3n a este tipo de problemas\u201d, asever\u00f3.<\/p>\n<p>&nbsp;<\/p>\n<p>\u201cEs una respuesta simb\u00f3lica a un problema fundamental\u201d, puntualiz\u00f3 Garc\u00eda al remarcar los mecanismos de interconexi\u00f3n que pueden establecerse con legislaciones como la que se est\u00e1 tratando.<\/p>\n<p>&nbsp;<\/p>\n<p>A su turno, el secretario de Trabajo de la Provincia, Oscar Balla, indic\u00f3 que los organismos deber\u00e1n adaptarse e incluso incorporar entidades que trabajen en este sentido, ya que el proyecto establece que para denunciar hechos de violencia laboral contra la mujer no se requiere patrocinio letrado.<\/p>\n<p>&nbsp;<\/p>\n<p>La iniciativa establece adem\u00e1s que cuando el juez imprima el tr\u00e1mite a la denuncia, adoptar\u00e1 las medidas pertinentes para asignarle a la persona victimizada un abogado especialista que la asista en el caso de que no cuente con uno propio, debi\u00e9ndose explicar a la persona victimizada con lenguaje claro los derechos y todo lo concerniente a la acci\u00f3n.<\/p>\n<p>&nbsp;<\/p>\n<p>Tambi\u00e9n se consignan las personas que pueden realizar la denuncia, adem\u00e1s de la v\u00edctima: tutores, curadores, profesionales u operadores de servicios de salud, asistenciales, sociales, educativos y todo funcionario que, en raz\u00f3n de su labor, haya tenido contacto con la persona agraviada, as\u00ed como los organismos receptores de los mismos Juzgados Laborales, o\u00a0 Juzgado de Paz si la localidad no cuenta con dicho organismo, Defensor\u00eda del P\u00fablico en turno del Ministerio de la Defensa; Agente Fiscal en turno; la Secretaria de Trabajo y Seguridad Social, el Consejo de Prevenci\u00f3n y Dise\u00f1o de Pol\u00edticas P\u00fablicas contra las Violencias (Coprev), la oficina de Violencia de G\u00e9nero (OVG) del Poder Judicial o ante la seccional policial m\u00e1s cercana al domicilio, quienes deber\u00e1n seguir los protocolos de actuaci\u00f3n en forma inmediata, sin perjuicio de extremar la diligencia en los casos que evidencien alto riesgo.<\/p>\n","protected":false},"excerpt":{"rendered":"<p>Con la presencia de invitados especiales, se debati\u00f3 este mi\u00e9rcoles en el pleno de la Comisi\u00f3n de Seguridad del Senado, que preside el senador por Concordia, \u00c1ngel Giano, el proyecto de su autor\u00eda que busca incorporar al C\u00f3digo Procesal Laboral la protecci\u00f3n por violencia laboral hacia las mujeres &nbsp; &nbsp; &nbsp; &nbsp; &nbsp; Emilio Castrill\u00f3n, presidente del Superior Tribunal de Justicia de Entre R\u00edos, Bernardo Salduna, vocal de la Sala Laboral del STJ, Yanina Yzet, titular de la Oficina de Violencia de G\u00e9nero del STJ, Mar\u00eda Gabriela L\u00f3pez Arango, presidenta&#8230;<\/p>\n","protected":false},"author":3,"featured_media":33747,"comment_status":"closed","ping_status":"closed","sticky":false,"template":"","format":"standard","meta":[],"categories":[15],"tags":[],"_links":{"self":[{"href":"https:\/\/www.actualidadadiario.com\/index.php\/wp-json\/wp\/v2\/posts\/33746"}],"collection":[{"href":"https:\/\/www.actualidadadiario.com\/index.php\/wp-json\/wp\/v2\/posts"}],"about":[{"href":"https:\/\/www.actualidadadiario.com\/index.php\/wp-json\/wp\/v2\/types\/post"}],"author":[{"embeddable":true,"href":"https:\/\/www.actualidadadiario.com\/index.php\/wp-json\/wp\/v2\/users\/3"}],"replies":[{"embeddable":true,"href":"https:\/\/www.actualidadadiario.com\/index.php\/wp-json\/wp\/v2\/comments?post=33746"}],"version-history":[{"count":1,"href":"https:\/\/www.actualidadadiario.com\/index.php\/wp-json\/wp\/v2\/posts\/33746\/revisions"}],"predecessor-version":[{"id":33748,"href":"https:\/\/www.actualidadadiario.com\/index.php\/wp-json\/wp\/v2\/posts\/33746\/revisions\/33748"}],"wp:featuredmedia":[{"embeddable":true,"href":"https:\/\/www.actualidadadiario.com\/index.php\/wp-json\/wp\/v2\/media\/33747"}],"wp:attachment":[{"href":"https:\/\/www.actualidadadiario.com\/index.php\/wp-json\/wp\/v2\/media?parent=33746"}],"wp:term":[{"taxonomy":"category","embeddable":true,"href":"https:\/\/www.actualidadadiario.com\/index.php\/wp-json\/wp\/v2\/categories?post=33746"},{"taxonomy":"post_tag","embeddable":true,"href":"https:\/\/www.actualidadadiario.com\/index.php\/wp-json\/wp\/v2\/tags?post=33746"}],"curies":[{"name":"wp","href":"https:\/\/api.w.org\/{rel}","templated":true}]}}