{"id":33744,"date":"2018-09-27T11:17:05","date_gmt":"2018-09-27T14:17:05","guid":{"rendered":"https:\/\/www.actualidadadiario.com\/?p=33744"},"modified":"2018-11-06T19:36:58","modified_gmt":"2018-11-06T22:36:58","slug":"bahillo-dijo-que-el-presupuesto-no-lo-representa-pero-que-su-voto-formara-parte-de-una-definicion-politica","status":"publish","type":"post","link":"https:\/\/www.actualidadadiario.com\/index.php\/2018\/09\/27\/bahillo-dijo-que-el-presupuesto-no-lo-representa-pero-que-su-voto-formara-parte-de-una-definicion-politica\/","title":{"rendered":"Bahillo dijo que el presupuesto no lo representa, pero que su voto formar\u00e1 parte de una \u201cdefinici\u00f3n pol\u00edtica\u201d"},"content":{"rendered":"<p><em><strong>El diputado nacional justicialista Juan Jos\u00e9 Bahillo escuch\u00f3 la exposici\u00f3n que el ministro Frigerio brind\u00f3 en comisi\u00f3n sobre el presupuesto. Adelant\u00f3 que no tiene una definici\u00f3n sobre c\u00f3mo ser\u00e1 su voto, sostuvo que el proyecto no lo representa, pero adelant\u00f3 que su postura \u201cformar\u00e1 parte de una definici\u00f3n pol\u00edtica\u201d. Habl\u00f3 de \u201cresponsabilidad institucional\u201d y manifest\u00f3 su preocupaci\u00f3n por el fuerte ajuste en materia de obras p\u00fablicas<\/strong><\/em><\/p>\n<p>&nbsp;<\/p>\n<p>&nbsp;<\/p>\n<p>&nbsp;<\/p>\n<p>&nbsp;<\/p>\n<p>Bahillo es uno de los diputados nacionales entrerrianos que integran la Comisi\u00f3n de Presupuesto y Hacienda y que este mi\u00e9rcoles tuvo la oportunidad de escuchar la exposici\u00f3n que hizo el ministro del Interior, Rogelio Frigerio, sobre el proyecto de Ley de Leyes.<\/p>\n<p>&nbsp;<\/p>\n<p>Tras dar cuenta de algunos de los puntos a los que el funcionario hizo referencia, sostuvo que \u201cest\u00e1 evaluando\u201d c\u00f3mo ser\u00e1 su voto.<\/p>\n<p>&nbsp;<\/p>\n<p>Dijo que tal decisi\u00f3n \u201cforma parte de una definici\u00f3n pol\u00edtica\u201d y agreg\u00f3: \u201cYa sabemos que este presupuesto no nos representa pero, m\u00e1s all\u00e1 de la discusi\u00f3n econ\u00f3mica, tambi\u00e9n tenemos que analizar la responsabilidad pol\u00edtica e institucional que implicar\u00eda no darle el presupuesto a un gobierno. Creo que eso afectar\u00eda m\u00e1s la precaria situaci\u00f3n en la que est\u00e1 ele Ejecutivo y ser\u00eda un mal mayor apara los argentinos\u201d.<\/p>\n<p>&nbsp;<\/p>\n<p>\u201cA un gobierno que no le est\u00e1 dando en la tecla con el manejo de la econom\u00eda le estar\u00edamos dejando un mayor margen de discrecionalidad que si le aprobamos un presupuesto\u201d, agreg\u00f3.<\/p>\n<p>&nbsp;<\/p>\n<p>E insisti\u00f3: \u201cLa decisi\u00f3n final no est\u00e1 tomada. Lo iremos evaluando\u201d.<\/p>\n<p>&nbsp;<\/p>\n<p>Refiri\u00e9ndose puntualmente a la exposici\u00f3n del Ministro, Bahillo consider\u00f3: \u201cTodav\u00eda faltan\u00a0 muchas cosas por responder y Frigerio contest\u00f3 consultas que ten\u00edan que ver con la \u00f3rbita de su Ministerio, con obras p\u00fablicas y viviendas\u201d.<\/p>\n<p>&nbsp;<\/p>\n<p>A pesar de que entiende que todav\u00eda quedan muchos cabos sueltos, el Diputado nacional se\u00f1al\u00f3 que a partir de lo que dijo Frigerio hay cosas que quedan \u201cen claro\u201d. Una de ella es que \u201chay un fuert\u00edsimo ajuste en gastos de capital, lo cual significa menor inversi\u00f3n en obras p\u00fablicas para el pr\u00f3ximo a\u00f1o\u201d.<\/p>\n<p>&nbsp;<\/p>\n<p>Otra de las cuestiones que para Bahillo quedaron claras es que \u201cel crecimiento de los fondos para viviendas no acompa\u00f1a el incremento inflacionario, lo cual resentir\u00e1 las pol\u00edticas de viviendas\u201d.<\/p>\n<p>&nbsp;<\/p>\n<p>Luego asegur\u00f3 que el ministro Frigerio \u201cdi\u00f3 certezas sobre algunas consultas, m\u00e1s all\u00e1 de que uno no comparta la definici\u00f3n macroecon\u00f3mica que tiene este proyecto de presupuesto\u201d, y agreg\u00f3: \u201cYo le puedo creer lo que dice al Ministro, pero eso no significa que est\u00e9 de acuerdo\u201d.<\/p>\n<p>&nbsp;<\/p>\n<p>\u201cTenemos otra mirada de pa\u00eds, otro modelo, uno que pretende resolver los problemas de los argentinos desde una pol\u00edtica de desarrollo, de crecimiento, de defensa de las pymes y del poder adquisitivo del salario, y no s\u00f3lo desde una mirada monetarista y fiscalista\u201d, asegur\u00f3, al tiempo que afirm\u00f3 que \u201clos problemas de la econom\u00eda real se arreglan d\u00e1ndole rentabilidad a la matriz productiva de este pa\u00eds\u201d.<\/p>\n<p>&nbsp;<\/p>\n<p>&nbsp;<\/p>\n<p><strong>Que el presupuesto no afecte a Entre R\u00edos<\/strong><\/p>\n<p>En otro tramo de la entrevista, Juan Jos\u00e9 Bahillo afirm\u00f3 que junto a sus pares continuar\u00e1 trabajando \u201cpara poder realizar sugerencias y proponer modificaciones\u201d al proyecto de presupuesto que semanas atr\u00e1s envi\u00f3 Macri al Congreso de la Naci\u00f3n.<\/p>\n<p>&nbsp;<\/p>\n<p>En este sentido, hizo hincapi\u00e9 en la necesidad de \u201cseguir de cerca los n\u00fameros de la provincia\u201d.<\/p>\n<p>&nbsp;<\/p>\n<p>\u201cCompartimos claramente la definici\u00f3n el gobernador (Gustavo) Bordet de seguir muy de cerca los n\u00fameros para que este presupuesto no afecte el equilibrio que se ha logrado tener en las cuentas p\u00fablicas de la provincia\u201d, indic\u00f3.<\/p>\n<p>&nbsp;<\/p>\n<p>&nbsp;<\/p>\n<p><strong>Reclaman presencia de Sandleris<\/strong><\/p>\n<p>Por otra parte, Bahillo indic\u00f3 que en la reuni\u00f3n de este mi\u00e9rcoles se reclam\u00f3 que el flamante titular del Banco Central, Guido Sandleris, acuda a la C\u00e1mara baja y confirme si \u201cel d\u00f3lar va a estar en los valores que fija el presupuesto\u201d.<\/p>\n<p>&nbsp;<\/p>\n<p>Finalmente adelant\u00f3 que este jueves expondr\u00e1 ante los miembros de la comisi\u00f3n legislativa el director General de la Oficina de Presupuesto del Congreso, Marcos Makon.<\/p>\n","protected":false},"excerpt":{"rendered":"<p>El diputado nacional justicialista Juan Jos\u00e9 Bahillo escuch\u00f3 la exposici\u00f3n que el ministro Frigerio brind\u00f3 en comisi\u00f3n sobre el presupuesto. Adelant\u00f3 que no tiene una definici\u00f3n sobre c\u00f3mo ser\u00e1 su voto, sostuvo que el proyecto no lo representa, pero adelant\u00f3 que su postura \u201cformar\u00e1 parte de una definici\u00f3n pol\u00edtica\u201d. Habl\u00f3 de \u201cresponsabilidad institucional\u201d y manifest\u00f3 su preocupaci\u00f3n por el fuerte ajuste en materia de obras p\u00fablicas &nbsp; &nbsp; &nbsp; &nbsp; Bahillo es uno de los diputados nacionales entrerrianos que integran la Comisi\u00f3n de Presupuesto y Hacienda y que este mi\u00e9rcoles&#8230;<\/p>\n","protected":false},"author":3,"featured_media":29900,"comment_status":"closed","ping_status":"closed","sticky":false,"template":"","format":"standard","meta":[],"categories":[15],"tags":[],"_links":{"self":[{"href":"https:\/\/www.actualidadadiario.com\/index.php\/wp-json\/wp\/v2\/posts\/33744"}],"collection":[{"href":"https:\/\/www.actualidadadiario.com\/index.php\/wp-json\/wp\/v2\/posts"}],"about":[{"href":"https:\/\/www.actualidadadiario.com\/index.php\/wp-json\/wp\/v2\/types\/post"}],"author":[{"embeddable":true,"href":"https:\/\/www.actualidadadiario.com\/index.php\/wp-json\/wp\/v2\/users\/3"}],"replies":[{"embeddable":true,"href":"https:\/\/www.actualidadadiario.com\/index.php\/wp-json\/wp\/v2\/comments?post=33744"}],"version-history":[{"count":1,"href":"https:\/\/www.actualidadadiario.com\/index.php\/wp-json\/wp\/v2\/posts\/33744\/revisions"}],"predecessor-version":[{"id":33745,"href":"https:\/\/www.actualidadadiario.com\/index.php\/wp-json\/wp\/v2\/posts\/33744\/revisions\/33745"}],"wp:featuredmedia":[{"embeddable":true,"href":"https:\/\/www.actualidadadiario.com\/index.php\/wp-json\/wp\/v2\/media\/29900"}],"wp:attachment":[{"href":"https:\/\/www.actualidadadiario.com\/index.php\/wp-json\/wp\/v2\/media?parent=33744"}],"wp:term":[{"taxonomy":"category","embeddable":true,"href":"https:\/\/www.actualidadadiario.com\/index.php\/wp-json\/wp\/v2\/categories?post=33744"},{"taxonomy":"post_tag","embeddable":true,"href":"https:\/\/www.actualidadadiario.com\/index.php\/wp-json\/wp\/v2\/tags?post=33744"}],"curies":[{"name":"wp","href":"https:\/\/api.w.org\/{rel}","templated":true}]}}