{"id":33742,"date":"2018-09-27T11:16:26","date_gmt":"2018-09-27T14:16:26","guid":{"rendered":"https:\/\/www.actualidadadiario.com\/?p=33742"},"modified":"2018-11-06T19:36:58","modified_gmt":"2018-11-06T22:36:58","slug":"con-el-aumento-previsto-el-sabado-29-comienza-el-cronograma-de-sueldos-de-la-provincia","status":"publish","type":"post","link":"https:\/\/www.actualidadadiario.com\/index.php\/2018\/09\/27\/con-el-aumento-previsto-el-sabado-29-comienza-el-cronograma-de-sueldos-de-la-provincia\/","title":{"rendered":"Con el aumento previsto, el s\u00e1bado 29 comienza el cronograma de sueldos de la provincia"},"content":{"rendered":"<p><em><strong>El gobierno de Entre R\u00edos anunci\u00f3 el cronograma de pagos de septiembre. La liquidaci\u00f3n comenzar\u00e1 el s\u00e1bado 29 de este mes y se extender\u00e1 hasta el s\u00e1bado 6 de octubre. Se abonar\u00e1 en el salario de los trabajadores p\u00fablicos con 5 puntos de incremento de acuerdo al compromiso asumido con los gremios<\/strong><\/em><\/p>\n<p>&nbsp;<\/p>\n<p>&nbsp;<\/p>\n<p>&nbsp;<\/p>\n<p>&nbsp;<\/p>\n<p>\u201cEs un esfuerzo muy grande que desde la provincia estamos haciendo para llegar a un cronograma de pagos que se desarrolle en los primeros d\u00edas del mes, y que brinde seguridad y previsibilidad a las familias entrerrianas. Pero esto es posible gracias a la mejora en la calidad del gasto p\u00fablico, entre otras medidas econ\u00f3micas, que lleva adelante el gobernador Gustavo Bordet desde el primer d\u00eda de gesti\u00f3n\u201d, resalt\u00f3 el secretario de Hacienda, Gustavo Labriola.<\/p>\n<p>&nbsp;<\/p>\n<p>El funcionario se\u00f1al\u00f3 que \u201ctal como lo anunciamos en la reuni\u00f3n que mantuvimos con los gremios estatales y docentes, con los haberes de septiembre, que se abonan en octubre, se estar\u00e1 liquidando adem\u00e1s un aumento del cinco por ciento, es decir tres puntos m\u00e1s de lo acordado en la paritaria del primer semestre\u201d.<\/p>\n<p>&nbsp;<\/p>\n<p>\u201cSe trata de una medida que seguiremos trabajando con los gremios y que busca brindar una respuesta ante el deterioro del salario que vivimos los argentinos por la volatilidad del contexto econ\u00f3mico. Pero adem\u00e1s lo hacemos sin dejar de atender la obra p\u00fablica, la inversi\u00f3n social y la salud en funci\u00f3n de las crecientes demandas\u201d, asever\u00f3.<\/p>\n<p>&nbsp;<\/p>\n<p>\u201cPor eso creemos que es con el di\u00e1logo permanente, con la b\u00fasqueda de puntos de acuerdo y contemplando todo el conjunto, que podremos arribar a las mejores soluciones posibles\u201d, concluy\u00f3 Labriola.<\/p>\n<p>&nbsp;<\/p>\n<p>&nbsp;<\/p>\n<p><strong>Cronograma de pagos del mes de septiembre:<\/strong><\/p>\n<p>Lunes 1 (Se acredita el s\u00e1bado 29\/9 en los cajeros autom\u00e1ticos): Hasta 18.000 pesos.<\/p>\n<p>&nbsp;<\/p>\n<p>Martes 2: de 18.001 pesos a 22.000 pesos.<\/p>\n<p>&nbsp;<\/p>\n<p>Mi\u00e9rcoles 3: de 22.001 pesos a 25.000 pesos.<\/p>\n<p>&nbsp;<\/p>\n<p>Jueves 4: de 25.001 pesos a 30.000 pesos.<\/p>\n<p>&nbsp;<\/p>\n<p>Viernes 5: de 30.001 pesos a 50.000 pesos.<\/p>\n<p>&nbsp;<\/p>\n<p>Lunes 8 (se acredita el s\u00e1bado 6 en los cajeros autom\u00e1ticos): m\u00e1s de 50.000 pesos y funcionarios.<\/p>\n","protected":false},"excerpt":{"rendered":"<p>El gobierno de Entre R\u00edos anunci\u00f3 el cronograma de pagos de septiembre. La liquidaci\u00f3n comenzar\u00e1 el s\u00e1bado 29 de este mes y se extender\u00e1 hasta el s\u00e1bado 6 de octubre. Se abonar\u00e1 en el salario de los trabajadores p\u00fablicos con 5 puntos de incremento de acuerdo al compromiso asumido con los gremios &nbsp; &nbsp; &nbsp; &nbsp; \u201cEs un esfuerzo muy grande que desde la provincia estamos haciendo para llegar a un cronograma de pagos que se desarrolle en los primeros d\u00edas del mes, y que brinde seguridad y previsibilidad a&#8230;<\/p>\n","protected":false},"author":3,"featured_media":19484,"comment_status":"closed","ping_status":"closed","sticky":false,"template":"","format":"standard","meta":[],"categories":[9],"tags":[],"_links":{"self":[{"href":"https:\/\/www.actualidadadiario.com\/index.php\/wp-json\/wp\/v2\/posts\/33742"}],"collection":[{"href":"https:\/\/www.actualidadadiario.com\/index.php\/wp-json\/wp\/v2\/posts"}],"about":[{"href":"https:\/\/www.actualidadadiario.com\/index.php\/wp-json\/wp\/v2\/types\/post"}],"author":[{"embeddable":true,"href":"https:\/\/www.actualidadadiario.com\/index.php\/wp-json\/wp\/v2\/users\/3"}],"replies":[{"embeddable":true,"href":"https:\/\/www.actualidadadiario.com\/index.php\/wp-json\/wp\/v2\/comments?post=33742"}],"version-history":[{"count":1,"href":"https:\/\/www.actualidadadiario.com\/index.php\/wp-json\/wp\/v2\/posts\/33742\/revisions"}],"predecessor-version":[{"id":33743,"href":"https:\/\/www.actualidadadiario.com\/index.php\/wp-json\/wp\/v2\/posts\/33742\/revisions\/33743"}],"wp:featuredmedia":[{"embeddable":true,"href":"https:\/\/www.actualidadadiario.com\/index.php\/wp-json\/wp\/v2\/media\/19484"}],"wp:attachment":[{"href":"https:\/\/www.actualidadadiario.com\/index.php\/wp-json\/wp\/v2\/media?parent=33742"}],"wp:term":[{"taxonomy":"category","embeddable":true,"href":"https:\/\/www.actualidadadiario.com\/index.php\/wp-json\/wp\/v2\/categories?post=33742"},{"taxonomy":"post_tag","embeddable":true,"href":"https:\/\/www.actualidadadiario.com\/index.php\/wp-json\/wp\/v2\/tags?post=33742"}],"curies":[{"name":"wp","href":"https:\/\/api.w.org\/{rel}","templated":true}]}}