{"id":33739,"date":"2018-09-27T11:15:30","date_gmt":"2018-09-27T14:15:30","guid":{"rendered":"https:\/\/www.actualidadadiario.com\/?p=33739"},"modified":"2018-11-06T19:36:58","modified_gmt":"2018-11-06T22:36:58","slug":"se-concursara-el-cargo-para-estar-al-frente-del-patronato-de-liberados","status":"publish","type":"post","link":"https:\/\/www.actualidadadiario.com\/index.php\/2018\/09\/27\/se-concursara-el-cargo-para-estar-al-frente-del-patronato-de-liberados\/","title":{"rendered":"Se concursar\u00e1 el cargo para estar al frente del Patronato de Liberados"},"content":{"rendered":"<p><em><strong>Por unanimidad, la C\u00e1mara de Diputados de la provincia dio media sanci\u00f3n al proyecto de ley del Poder Ejecutivo que crea la Direcci\u00f3n General de Patronato de Liberados con el fin de profesionalizar el servicio, descentralizarlo; y lograr la resocializaci\u00f3n del tutelado<\/strong><\/em><\/p>\n<p>&nbsp;<\/p>\n<p>&nbsp;<\/p>\n<p>&nbsp;<\/p>\n<p>&nbsp;<\/p>\n<p>&nbsp;<\/p>\n<p>El diputado Diego Lara destac\u00f3 que se trata de \u201cun compromiso que el gobernador Gustavo Bordet tom\u00f3 con la sociedad entrerriana\u201d y record\u00f3 la figura de Micaela Garc\u00eda.<\/p>\n<p>&nbsp;<\/p>\n<p>El 15 de febrero de este a\u00f1o, al dar inicio a las sesiones ordinarias de la legislatura, el mandatario entrerriano sostuvo que \u201cresulta necesario emprender un cambio y modernizaci\u00f3n\u201d del Patronato de Liberados para brindarle \u201cmayor eficiencia y cumplimiento de sus fines\u201d.<\/p>\n<p>&nbsp;<\/p>\n<p>En esa l\u00ednea impuls\u00f3 que la designaci\u00f3n del director del organismo \u201cse lleve adelante por concurso, para que tenga la idoneidad necesaria. Porque esta provincia no permite m\u00e1s que haya un caso como el de Micaela Garc\u00eda\u201d.<\/p>\n<p>&nbsp;<\/p>\n<p>En sinton\u00eda con lo expresado por Bordet, el texto aprobado este mi\u00e9rcoles en la sesi\u00f3n de la C\u00e1mara de Diputados, el proyecto busca \u201ccontribuir a la reinserci\u00f3n social, familiar, educativa y laboral de todas las personas a las que se les ha otorgado el beneficio jur\u00eddico de la libertad condicional y\/o asistida, ejecuci\u00f3n condicional y suspensi\u00f3n de juicio a prueba, como as\u00ed tambi\u00e9n el control del cumplimiento de las normas de conductas impuestas a dichas personas por los Juzgados Federales con competencia en la provincia de Entre R\u00edos, Juzgados de Ejecuci\u00f3n de Penas de la provincia de Entre R\u00edos o autoridad an\u00e1loga o similar con competencia en nuestra provincia\u201d.<\/p>\n<p>&nbsp;<\/p>\n<p>En ese marco y durante el debate de este mi\u00e9rcoles, Lara, el miembro informante, explic\u00f3 que la norma est\u00e1 estructurada en torno a tres ejes que regir\u00e1n la vida del nuevo organismo, a saber: \u201cProfesionalizaci\u00f3n del servicio; la descentralizaci\u00f3n territorial del Patronato a trav\u00e9s de la presencia en distintas regiones de la provincia; y la coordinaci\u00f3n intra e inter gubernamental para lograr el fin de la resocializaci\u00f3n del tutelado\u201d.<\/p>\n<p>&nbsp;<\/p>\n<p>Por otra parte, el titular de la Comisi\u00f3n de Legislaci\u00f3n General valor\u00f3 el trabajo realizado por los diputados y el cuerpo de asesores que condujo a la unificaci\u00f3n de los expedientes que se tramitaban sobre este mismo tema.<\/p>\n<p>&nbsp;<\/p>\n<p>En ese contexto, destac\u00f3 \u201ccu\u00e1l fue la raz\u00f3n de ser de este proyecto enviado por el Poder Ejecutivo\u201d y subray\u00f3 el \u201ccompromiso pol\u00edtico que contrajo el gobernador con la sociedad en la apertura de las sesiones ordinarias de la legislatura en febrero de este a\u00f1o\u201d.<\/p>\n<p>&nbsp;<\/p>\n<p>Adem\u00e1s, puso de relieve \u201cla discusi\u00f3n en la que particip\u00f3 toda la sociedad entrerriana producto del lamentable hecho que ocurri\u00f3 con la tragedia de Micaela Garc\u00eda\u201d que, \u201ccon sobrada raz\u00f3n puso en crisis no solo el sistema penal, la labor que tuvo el juez de ejecuci\u00f3n de penas sino tambi\u00e9n del rol que debe cumplir el Patronato de Liberados en la provincia\u201d.<\/p>\n<p>&nbsp;<\/p>\n<p>En esa l\u00ednea, Lara record\u00f3 que \u201cla provincia tom\u00f3 medidas para refuncionalizar el organismo, dotarlo de personal, equipamiento\u201d y que ese compromiso se dio tambi\u00e9n \u201cfundamentalmente, a trav\u00e9s de una ley que regule org\u00e1nicamente el Patronato de Liberados\u201d.<\/p>\n<p>&nbsp;<\/p>\n<p>En cuanto a la profesionalizaci\u00f3n del servicio, Lara confirm\u00f3 que \u201cquien est\u00e9 al frente del Patronato va a ser una persona que tenga que obtener esta responsabilidad a trav\u00e9s de un concurso p\u00fablico de oposici\u00f3n y antecedentes\u201d, y que para ello \u201cse le exigir\u00e1 un t\u00edtulo de grado que tenga que ver con las ciencias sociales y que acredite un compromiso con los derechos humanos\u201d. Tambi\u00e9n \u201cse le va a dar la estabilidad que tiene que tener un cargo de esta naturaleza, lo que le va a permitir dise\u00f1ar las pol\u00edticas p\u00fablicas que el organismo necesita\u201d<\/p>\n<p>&nbsp;<\/p>\n<p>Respecto de la \u201cdescentralizaci\u00f3n efectiva\u201d y la presencia territorial, Lara confirm\u00f3 que el Patronato de Liberados tendr\u00e1 una sede central en Paran\u00e1 y cuatro delegaciones distribuidas en Concordia, Concepci\u00f3n del Uruguay, Victoria y Gualeguaych\u00fa. Los coordinadores de cada una de esas sedes tendr\u00e1n a su cargo un equipo t\u00e9cnico interdisciplinario.<\/p>\n<p>&nbsp;<\/p>\n<p>Por \u00faltimo, sobre el tercer eje, \u201cla ley crea otros \u00e1mbitos de trabajo que auxilian acompa\u00f1an y fortalecen el trabajo\u201d, explic\u00f3 el miembro informante, y enumer\u00f3: \u201cla mesa interdisciplinaria, el gabinete de control y seguimiento y el centro de coordinaci\u00f3n permanente\u201d.<\/p>\n<p>&nbsp;<\/p>\n<p>Finalmente Lara destac\u00f3 adem\u00e1s la amplia participaci\u00f3n que tuvo el proyecto en su elaboraci\u00f3n, partiendo de la unificaci\u00f3n con un proyecto ya existente sobre el mismo tema, y siguiendo por el trabajo coordinado con el Ministerio de Gobierno de la provincia, el Ministerio P\u00fablico de la Defensa, el Ministerio P\u00fablico Fiscal, jueces, miembros del Servicio Penitenciario, y jueces de ejecuci\u00f3n de penas, entre otros\u201d.<\/p>\n","protected":false},"excerpt":{"rendered":"<p>Por unanimidad, la C\u00e1mara de Diputados de la provincia dio media sanci\u00f3n al proyecto de ley del Poder Ejecutivo que crea la Direcci\u00f3n General de Patronato de Liberados con el fin de profesionalizar el servicio, descentralizarlo; y lograr la resocializaci\u00f3n del tutelado &nbsp; &nbsp; &nbsp; &nbsp; &nbsp; El diputado Diego Lara destac\u00f3 que se trata de \u201cun compromiso que el gobernador Gustavo Bordet tom\u00f3 con la sociedad entrerriana\u201d y record\u00f3 la figura de Micaela Garc\u00eda. &nbsp; El 15 de febrero de este a\u00f1o, al dar inicio a las sesiones ordinarias&#8230;<\/p>\n","protected":false},"author":3,"featured_media":33740,"comment_status":"closed","ping_status":"closed","sticky":false,"template":"","format":"standard","meta":[],"categories":[15],"tags":[],"_links":{"self":[{"href":"https:\/\/www.actualidadadiario.com\/index.php\/wp-json\/wp\/v2\/posts\/33739"}],"collection":[{"href":"https:\/\/www.actualidadadiario.com\/index.php\/wp-json\/wp\/v2\/posts"}],"about":[{"href":"https:\/\/www.actualidadadiario.com\/index.php\/wp-json\/wp\/v2\/types\/post"}],"author":[{"embeddable":true,"href":"https:\/\/www.actualidadadiario.com\/index.php\/wp-json\/wp\/v2\/users\/3"}],"replies":[{"embeddable":true,"href":"https:\/\/www.actualidadadiario.com\/index.php\/wp-json\/wp\/v2\/comments?post=33739"}],"version-history":[{"count":1,"href":"https:\/\/www.actualidadadiario.com\/index.php\/wp-json\/wp\/v2\/posts\/33739\/revisions"}],"predecessor-version":[{"id":33741,"href":"https:\/\/www.actualidadadiario.com\/index.php\/wp-json\/wp\/v2\/posts\/33739\/revisions\/33741"}],"wp:featuredmedia":[{"embeddable":true,"href":"https:\/\/www.actualidadadiario.com\/index.php\/wp-json\/wp\/v2\/media\/33740"}],"wp:attachment":[{"href":"https:\/\/www.actualidadadiario.com\/index.php\/wp-json\/wp\/v2\/media?parent=33739"}],"wp:term":[{"taxonomy":"category","embeddable":true,"href":"https:\/\/www.actualidadadiario.com\/index.php\/wp-json\/wp\/v2\/categories?post=33739"},{"taxonomy":"post_tag","embeddable":true,"href":"https:\/\/www.actualidadadiario.com\/index.php\/wp-json\/wp\/v2\/tags?post=33739"}],"curies":[{"name":"wp","href":"https:\/\/api.w.org\/{rel}","templated":true}]}}