{"id":33737,"date":"2018-09-27T11:14:24","date_gmt":"2018-09-27T14:14:24","guid":{"rendered":"https:\/\/www.actualidadadiario.com\/?p=33737"},"modified":"2018-11-06T19:36:58","modified_gmt":"2018-11-06T22:36:58","slug":"diputados-provinciales-ratificaron-el-consenso-fiscal-que-bordet-firmo-con-nacion","status":"publish","type":"post","link":"https:\/\/www.actualidadadiario.com\/index.php\/2018\/09\/27\/diputados-provinciales-ratificaron-el-consenso-fiscal-que-bordet-firmo-con-nacion\/","title":{"rendered":"Diputados provinciales ratificaron el Consenso Fiscal que Bordet firm\u00f3 con Naci\u00f3n"},"content":{"rendered":"<p><em><strong>Los diputados aprobaron en la sesi\u00f3n de este mi\u00e9rcoles el proyecto de ley que ratifica el acuerdo de compromiso celebrado entre la Anses y la Provincia de Entre R\u00edos el 19 de septiembre pasado<\/strong><\/em><\/p>\n<p>&nbsp;<\/p>\n<p>&nbsp;<\/p>\n<p>&nbsp;<\/p>\n<p>&nbsp;<\/p>\n<p>&nbsp;<\/p>\n<p>En la sesi\u00f3n que tuvo lugar este mi\u00e9rcoles, los diputados aprobaron el proyecto de ley contenido en el Expediente 23.121 que ratifica el acuerdo de compromiso, celebrado entre la Anses y la Provincia de Entre R\u00edos el 19 de septiembre pasado.<\/p>\n<p>&nbsp;<\/p>\n<p>\u201cPor medio de la Ley N\u00b0 27.429 se aprob\u00f3 el Consenso Fiscal suscripto con fecha 16 de noviembre de 2017, entre el Estado nacional, las provincias y la Ciudad Aut\u00f3noma de Buenos Aires. En ese entonces acordaron, entre otras cuestiones, aspectos relacionados con el tratamiento y financiamiento de las Provincias con sus sistemas previsionales no transferidos\u201d, se indic\u00f3 desde la C\u00e1mara baja.<\/p>\n<p>&nbsp;<\/p>\n<p>Seg\u00fan establece el Decreto N\u00b0 730\/18, se aprob\u00f3 el R\u00e9gimen de Asistencia Financiera para las Provincias cuyos reg\u00edmenes previsionales no fueron transferidos al Estado nacional y que hayan ratificado en sus respectivas legislaturas el Consenso Fiscal, aprobado por la Ley N\u00b0 27.429, siendo Entre R\u00edos una de ellas.<\/p>\n<p>&nbsp;<\/p>\n<p>Dicho decreto instruy\u00f3 a la Administraci\u00f3n Nacional de la Seguridad Social a dictar las normas aclaratorias, interpretativas y complementarias correspondientes, con el objeto de compensar las eventuales asimetr\u00edas que pudieran existir y colocar a todas las Provincias No Transferidas en pie de igual en materia previsional.<\/p>\n<p>&nbsp;<\/p>\n<p>Enmarcado en tales antecedentes, la Administraci\u00f3n Nacional de la Seguridad Social dict\u00f3 en fecha 31 de Agosto de 2018 la Resoluci\u00f3n N\u00ba 133\/2018 pretendiendo dar respuesta a: 1) simular los desequilibrios que estar\u00eda asumiendo si el sistema previsional que se trate hubiese sido transferido al Estado Nacional el 31\/12\/1999, estableciendo los datos y dem\u00e1s particularidades a aportar por cada jurisdicci\u00f3n para tal fin, 2) eliminar los mecanismos de penalizaci\u00f3n por no armonizaci\u00f3n y 3) establecer un r\u00e9gimen simplificado de remisi\u00f3n de informaci\u00f3n a los fines de la determinaci\u00f3n del resultado financiero anual, corriente y global del Sistema Previsional Provincial. La diputado Viola refiere al acompa\u00f1amiento que dar\u00e1 su Bloque a la iniciativa, que &#8220;nos da previsibilidad&#8221; en las cuentas p\u00fablicas. A esta argumentaci\u00f3n respondieron los diputados Tassistro, Koch y Toller, quienes recibieron la refutaci\u00f3n argumentativa de los legisladores Kneeteman y Rotman.<\/p>\n<p>&nbsp;<\/p>\n<p>&nbsp;<\/p>\n<p><strong>Otras iniciativas aprobadas<\/strong><\/p>\n<p>El proyecto de declaraci\u00f3n sobre la concientizaci\u00f3n del abuso y maltrato a la vejez, contenido en el Expediente 23.883. Tambi\u00e9n dieron aprobaci\u00f3n al Proyecto de declaraci\u00f3n contenido en el Expediente 22601, en el que se expresa preocupaci\u00f3n por perforaci\u00f3n con fines de extracci\u00f3n hidrocarbur\u00edfera en el l\u00edmite entre Entre R\u00edos y Uruguay.<\/p>\n<p>&nbsp;<\/p>\n<p>A su vez dieron aprobaci\u00f3n a la iniciativa contenida en el Expediente 22.960 cuya iniciativa se aplica a la selecci\u00f3n previa a toda contrataci\u00f3n que realice el Gobierno provincial de servicios profesionales para tareas de arquitectura, planeamiento urbano o regional e ingenier\u00eda civil; la contrataci\u00f3n se llevar\u00e1 a cabo bajo la forma de contrato de locaci\u00f3n de obra.<\/p>\n<p>&nbsp;<\/p>\n<p>Tambi\u00e9n aprobaron el Proyecto de Ley contenido en el Expediente 22.524, por el que se crea el Colegio de \u00f3pticos de Entre r\u00edos el que tendr\u00e1 a su cargo el control del ejercicio de la profesi\u00f3n de \u00f3pticos en todas las especialidades y el gobierno de la matr\u00edcula respectiva.<\/p>\n<p>&nbsp;<\/p>\n<p>Adem\u00e1s se aprob\u00f3 la iniciativa contenida en el Expediente 22.811 por la cual se conmemora todos los a\u00f1os el d\u00eda de la adopci\u00f3n. Tambi\u00e9n fue aprobado el Proyecto de Ley contenido en el Expediente 22.947 por el que se crea la Comuna productiva Guardamonte, en el departamento Tala.<\/p>\n<p>&nbsp;<\/p>\n<p>Los diputados adem\u00e1s dieron aprobaci\u00f3n a la iniciativa por la que se reconoce el Patrimonio hist\u00f3rico de la provincia de Entre R\u00edos, proyecto unificado a partir de las iniciativas diferentes de los diputados B\u00e1ez, Acosta y Artusi.<\/p>\n<p>&nbsp;<\/p>\n<p>&nbsp;<\/p>\n<p>&nbsp;<\/p>\n<p><strong>Proyectos de ley sancionados<\/strong><\/p>\n<p>Tuvo sanci\u00f3n definitiva la iniciativa contenida en el Expediente 22.490 por la que se crea el Entre R\u00edos el Colegio de Licenciados en Bromatolog\u00eda que tendr\u00e1 a su cargo el control y matriculaci\u00f3n de los profesionales.<\/p>\n<p>&nbsp;<\/p>\n<p>Otro de los proyectos sancionados es el que ratifica la vigencia de la declaraci\u00f3n de utilidad p\u00fablica y sujeto a expropiaci\u00f3n dispuesta por Ley N\u00b0 10.237 y su ratificaci\u00f3n dispuesta por Ley N \u00b0 10.453.<\/p>\n","protected":false},"excerpt":{"rendered":"<p>Los diputados aprobaron en la sesi\u00f3n de este mi\u00e9rcoles el proyecto de ley que ratifica el acuerdo de compromiso celebrado entre la Anses y la Provincia de Entre R\u00edos el 19 de septiembre pasado &nbsp; &nbsp; &nbsp; &nbsp; &nbsp; En la sesi\u00f3n que tuvo lugar este mi\u00e9rcoles, los diputados aprobaron el proyecto de ley contenido en el Expediente 23.121 que ratifica el acuerdo de compromiso, celebrado entre la Anses y la Provincia de Entre R\u00edos el 19 de septiembre pasado. &nbsp; \u201cPor medio de la Ley N\u00b0 27.429 se aprob\u00f3&#8230;<\/p>\n","protected":false},"author":3,"featured_media":25171,"comment_status":"closed","ping_status":"closed","sticky":false,"template":"","format":"standard","meta":[],"categories":[9],"tags":[],"_links":{"self":[{"href":"https:\/\/www.actualidadadiario.com\/index.php\/wp-json\/wp\/v2\/posts\/33737"}],"collection":[{"href":"https:\/\/www.actualidadadiario.com\/index.php\/wp-json\/wp\/v2\/posts"}],"about":[{"href":"https:\/\/www.actualidadadiario.com\/index.php\/wp-json\/wp\/v2\/types\/post"}],"author":[{"embeddable":true,"href":"https:\/\/www.actualidadadiario.com\/index.php\/wp-json\/wp\/v2\/users\/3"}],"replies":[{"embeddable":true,"href":"https:\/\/www.actualidadadiario.com\/index.php\/wp-json\/wp\/v2\/comments?post=33737"}],"version-history":[{"count":1,"href":"https:\/\/www.actualidadadiario.com\/index.php\/wp-json\/wp\/v2\/posts\/33737\/revisions"}],"predecessor-version":[{"id":33738,"href":"https:\/\/www.actualidadadiario.com\/index.php\/wp-json\/wp\/v2\/posts\/33737\/revisions\/33738"}],"wp:featuredmedia":[{"embeddable":true,"href":"https:\/\/www.actualidadadiario.com\/index.php\/wp-json\/wp\/v2\/media\/25171"}],"wp:attachment":[{"href":"https:\/\/www.actualidadadiario.com\/index.php\/wp-json\/wp\/v2\/media?parent=33737"}],"wp:term":[{"taxonomy":"category","embeddable":true,"href":"https:\/\/www.actualidadadiario.com\/index.php\/wp-json\/wp\/v2\/categories?post=33737"},{"taxonomy":"post_tag","embeddable":true,"href":"https:\/\/www.actualidadadiario.com\/index.php\/wp-json\/wp\/v2\/tags?post=33737"}],"curies":[{"name":"wp","href":"https:\/\/api.w.org\/{rel}","templated":true}]}}