{"id":33734,"date":"2018-09-27T11:13:38","date_gmt":"2018-09-27T14:13:38","guid":{"rendered":"https:\/\/www.actualidadadiario.com\/?p=33734"},"modified":"2018-11-06T19:36:58","modified_gmt":"2018-11-06T22:36:58","slug":"herramientas-de-estadistica-para-definir-politicas-publicas-en-casos-de-violencia","status":"publish","type":"post","link":"https:\/\/www.actualidadadiario.com\/index.php\/2018\/09\/27\/herramientas-de-estadistica-para-definir-politicas-publicas-en-casos-de-violencia\/","title":{"rendered":"Herramientas de estad\u00edstica para definir pol\u00edticas p\u00fablicas en casos de violencia"},"content":{"rendered":"<p><em><strong>A los fines de comenzar a implementar la \u00faltima versi\u00f3n del Registro de Situaciones de Violencia, comenzaron este las capacitaciones a los agentes p\u00fablicos que estar\u00e1n a cargo de la carga en Entre R\u00edos<\/strong><\/em><\/p>\n<p>&nbsp;<\/p>\n<p>&nbsp;<\/p>\n<p>&nbsp;<\/p>\n<p>La ministra de Gobierno y Justicia, Rosario Romero, junto a su par de Desarrollo Social, Laura Stratta, encabezaron el acto de presentaci\u00f3n y capacitaci\u00f3n sobre las actualizaciones del Sistema de Registro \u00danico de Violencia. Estuvo presente el jefe de Polic\u00eda, Gustavo Maslein.<\/p>\n<p>&nbsp;<\/p>\n<p>\u201cSe trata de un Registro de Situaciones de Violencia que ya se ven\u00eda implementando hace unos a\u00f1os. Hoy estamos haciendo una actualizaci\u00f3n de acuerdo a exigencias del Instituto Nacional de Estad\u00edsticas y Censos (Indec) y de Institutos Nacionales que defienden y trabajan en situaciones de G\u00e9nero. Se ha trabajado desde la Polic\u00eda y Organismos T\u00e9cnicos de la Provincia para que este registro mejore y se puedan relevar estad\u00edsticas desde las distintas \u00e1reas del Estado\u201d, explic\u00f3 la ministra Romero durante la apertura.<\/p>\n<p>&nbsp;<\/p>\n<p>En este sentido, subray\u00f3: \u201cHoy en d\u00eda las estad\u00edsticas nos requieren m\u00e1s adecuaci\u00f3n y precisi\u00f3n porque los estados cada vez lo valoran m\u00e1s. La evoluci\u00f3n de un problema nos hace perfeccionar las pol\u00edticas p\u00fablicas en torno a esas tem\u00e1ticas. Hace unos a\u00f1os se advirti\u00f3 que en violencia espec\u00edfica contra la mujer hab\u00eda pocos datos. En ese sentido es que los estados nos estamos poniendo a tono para poder trabajar mejor en estas problem\u00e1ticas\u201d.<\/p>\n<p>&nbsp;<\/p>\n<p>Por su parte, la ministra de Desarrollo Social, Laura Stratta, inform\u00f3: \u201cEs una decisi\u00f3n del gobernador, Gustavo Bordet, visibilizar estas problem\u00e1ticas pero por sobre todo tener datos para construir pol\u00edticas p\u00fablicas en orden de la prevenci\u00f3n y erradicaci\u00f3n de la violencia en todas sus formas. En este sentido, esta herramienta permite el registro de datos, sistematizaci\u00f3n y transmite seguridad a las personas a la hora de realizar la denuncia, y esto constituye un eslab\u00f3n que es fundamental a la hora de construir registros estad\u00edsticos. Ello nos permite trabajar en pol\u00edticas de sensibilizaci\u00f3n y prevenci\u00f3n, que es lo que venimos haciendo desde Desarrollo Social, con el objetivo de problematizar pero tambi\u00e9n de responder a la demanda\u201d.<\/p>\n<p>&nbsp;<\/p>\n<p>Stratta retom\u00f3 las palabras de Romero y sostuvo \u201cla sociedad ya no tolera la violencia y requiere del Estado para que responda en torno a esto\u201d.<\/p>\n<p>&nbsp;<\/p>\n<p>Adem\u00e1s, la titular de la cartera social detall\u00f3: \u201cEs un trabajo que llevamos adelante interministerialmente, que lo abordamos desde el Consejo de Prevenci\u00f3n de las Violencias, la Secretar\u00eda de la Juventud, entre otros. Para brindar herramientas a las mujeres y a la sociedad de c\u00f3mo prevenir y erradicar la violencia y ser un sujeto de derecho que se pueda defender, que sepa d\u00f3nde recurrir para hacer una denuncia\u201d.<\/p>\n<p>&nbsp;<\/p>\n<p>&nbsp;<\/p>\n<p><strong>Registro \u00danico de Violencia<\/strong><\/p>\n<p>La herramienta tiene como objetivo sistematizar la carga de datos en los distintos organismos del Estado, para visibilizar la problem\u00e1tica y facilitar el dise\u00f1o y ejecuci\u00f3n de Pol\u00edticas P\u00fablicas destinadas a la prevenci\u00f3n y asistencia a v\u00edctimas.<\/p>\n<p>&nbsp;<\/p>\n<p>Anteriormente, el Sistema era utilizado \u00fanicamente por la Polic\u00eda de Entre R\u00edos al momento de la denuncia. A partir de la actualizaci\u00f3n y el re-dise\u00f1o del Sistema, las distintas \u00e1reas provinciales que reciben denuncias y tienen ingerencia en la problem\u00e1tica, podr\u00e1n cargar los casos.<\/p>\n<p>&nbsp;<\/p>\n<p>En este sentido, la capacitaci\u00f3n busca unificar criterios respecto al modo de utilizaci\u00f3n del Registro y las cualidades y caracter\u00edsticas del mismo.<\/p>\n<p>&nbsp;<\/p>\n<p>\u201cEl Sistema ha sido modificado y mejorado para que las distintas \u00e1reas tengan lo que necesitan a la hora de cargar los datos de denuncias. La polic\u00eda ha trabajado en este sentido con todos los organismos provinciales para articular las herramientas. Todo lo que contiene es a pedido de los usuarios y la Polic\u00eda de Entre R\u00edos aport\u00f3 el desarrollo del Software para adecuar cada una de las demandas\u201d, explic\u00f3 al respecto el director de Ayudant\u00eda General de la Polic\u00eda, Fabi\u00e1n Omar Altamirano.<\/p>\n<p>&nbsp;<\/p>\n<p>De la capacitaci\u00f3n, desarrollada en el sal\u00f3n de Criminal\u00edstica de la Jefatura de Polic\u00eda, participaron tambi\u00e9n el secretario de Relaciones Institucionales, Germ\u00e1n Gran\u00e9; el director de Estad\u00edsticas y Censos; Omar Izaguirre; la secretaria General del Consejo de Prevenci\u00f3n de la Violencia (Coprev), Mariana Broggi; la subsecretaria de la Mujer, Myriam Bianqueri; la coordinadora de Pol\u00edticas Transversales del Consejo General de Educaci\u00f3n, Nora Romero; la coordinadora del Consejo de Prevenci\u00f3n y Asistencia a V\u00edctimas y Testigos de Trata, Silvina Calveyra; la jefa de la Divisi\u00f3n de Minoridad, Mar\u00eda de los \u00c1ngeles Facciano y representantes de distintas \u00e1reas del Estado Provincial encargados de la toma de datos y denuncias.<\/p>\n","protected":false},"excerpt":{"rendered":"<p>A los fines de comenzar a implementar la \u00faltima versi\u00f3n del Registro de Situaciones de Violencia, comenzaron este las capacitaciones a los agentes p\u00fablicos que estar\u00e1n a cargo de la carga en Entre R\u00edos &nbsp; &nbsp; &nbsp; La ministra de Gobierno y Justicia, Rosario Romero, junto a su par de Desarrollo Social, Laura Stratta, encabezaron el acto de presentaci\u00f3n y capacitaci\u00f3n sobre las actualizaciones del Sistema de Registro \u00danico de Violencia. Estuvo presente el jefe de Polic\u00eda, Gustavo Maslein. &nbsp; \u201cSe trata de un Registro de Situaciones de Violencia que&#8230;<\/p>\n","protected":false},"author":3,"featured_media":33735,"comment_status":"closed","ping_status":"closed","sticky":false,"template":"","format":"standard","meta":[],"categories":[15],"tags":[],"_links":{"self":[{"href":"https:\/\/www.actualidadadiario.com\/index.php\/wp-json\/wp\/v2\/posts\/33734"}],"collection":[{"href":"https:\/\/www.actualidadadiario.com\/index.php\/wp-json\/wp\/v2\/posts"}],"about":[{"href":"https:\/\/www.actualidadadiario.com\/index.php\/wp-json\/wp\/v2\/types\/post"}],"author":[{"embeddable":true,"href":"https:\/\/www.actualidadadiario.com\/index.php\/wp-json\/wp\/v2\/users\/3"}],"replies":[{"embeddable":true,"href":"https:\/\/www.actualidadadiario.com\/index.php\/wp-json\/wp\/v2\/comments?post=33734"}],"version-history":[{"count":1,"href":"https:\/\/www.actualidadadiario.com\/index.php\/wp-json\/wp\/v2\/posts\/33734\/revisions"}],"predecessor-version":[{"id":33736,"href":"https:\/\/www.actualidadadiario.com\/index.php\/wp-json\/wp\/v2\/posts\/33734\/revisions\/33736"}],"wp:featuredmedia":[{"embeddable":true,"href":"https:\/\/www.actualidadadiario.com\/index.php\/wp-json\/wp\/v2\/media\/33735"}],"wp:attachment":[{"href":"https:\/\/www.actualidadadiario.com\/index.php\/wp-json\/wp\/v2\/media?parent=33734"}],"wp:term":[{"taxonomy":"category","embeddable":true,"href":"https:\/\/www.actualidadadiario.com\/index.php\/wp-json\/wp\/v2\/categories?post=33734"},{"taxonomy":"post_tag","embeddable":true,"href":"https:\/\/www.actualidadadiario.com\/index.php\/wp-json\/wp\/v2\/tags?post=33734"}],"curies":[{"name":"wp","href":"https:\/\/api.w.org\/{rel}","templated":true}]}}