{"id":33731,"date":"2018-09-27T11:12:37","date_gmt":"2018-09-27T14:12:37","guid":{"rendered":"https:\/\/www.actualidadadiario.com\/?p=33731"},"modified":"2018-11-06T19:36:58","modified_gmt":"2018-11-06T22:36:58","slug":"la-provincia-consigue-financiamiento-para-mejoras-ambientales-en-industrias-y-el-sector-primario","status":"publish","type":"post","link":"https:\/\/www.actualidadadiario.com\/index.php\/2018\/09\/27\/la-provincia-consigue-financiamiento-para-mejoras-ambientales-en-industrias-y-el-sector-primario\/","title":{"rendered":"La provincia consigue financiamiento para mejoras ambientales en industrias y el sector primario"},"content":{"rendered":"<p><em><strong>El gobernador Gustavo Bordet firm\u00f3 con el titular del Consejo Federal de Inversiones (CFI), Juan Jos\u00e9 Ci\u00e1cera, un convenio para ofrecer l\u00edneas de cr\u00e9dito destinadas a inversiones en tecnolog\u00eda de tratamiento de residuos y efluentes de los sectores industrial y primario<\/strong><\/em><\/p>\n<p>&nbsp;<\/p>\n<p>&nbsp;<\/p>\n<p>&nbsp;<\/p>\n<p>&nbsp;<\/p>\n<p>&nbsp;<\/p>\n<p>El gobierno provincial subsidiar\u00e1 la tasa de inter\u00e9s. Se dispondr\u00e1 hasta un mill\u00f3n de pesos para producci\u00f3n primaria; y hasta 2,5 millones de pesos para el sector industrial.<\/p>\n<p>&nbsp;<\/p>\n<p>Mediante el convenio, la provincia, a trav\u00e9s de la Secretar\u00eda de Ambiente, aportar\u00e1 los recursos necesarios con el objeto de subsidiar en dos puntos porcentuales la tasa de inter\u00e9s variable que aplica el CFI para su L\u00ednea de Cr\u00e9ditos para la Reactivaci\u00f3n Productiva, en todo proyecto destinado a la inversi\u00f3n en tecnolog\u00edas de tratamiento de residuos y efluentes.<\/p>\n<p>&nbsp;<\/p>\n<p>El titular de Ambiente provincial, Mart\u00edn Barbieri, detall\u00f3 que el objetivo que se persigue con la implementaci\u00f3n de esta l\u00ednea es &#8220;tener una producci\u00f3n m\u00e1s sustentable, m\u00e1s limpia, creemos que tenemos la posibilidad de ordenar lo que es en materia de efluentes, emisiones que es un tema muy complejo en la provincia por lo que el gobernador nos encomend\u00f3 que lo atendamos de manera particular y esto es una clara respuesta y un gesto claro hacia el sector que debemos ordenarnos en materia ambiental y seguir produciendo, creciendo y desarroll\u00e1ndonos, conservando y mirando el medio ambiente de manera especial&#8221;.<\/p>\n<p>&nbsp;<\/p>\n<p>Coment\u00f3 que \u201cvenimos trabajando desde hace un largo tiempo en mesas con los industriales, productores primarios, representantes de los distintos sectores\u201d.<\/p>\n<p>&nbsp;<\/p>\n<p>En ese sentido, dijo que fue de este modo que se lleg\u00f3 a establecer tramos para las l\u00edneas crediticias, \u201cva a haber tramos de hasta 2,5 millones de pesos para los industriales, para lo que es efluentes; y tramos de hasta un mill\u00f3n de pesos para productores primarios para hacer adecuaciones sobre todo en granjas porcinas, av\u00edcolas y otro tipo de emprendimientos relacionados con la producci\u00f3n primaria\u201d, indic\u00f3.<\/p>\n<p>&nbsp;<\/p>\n<p>Respecto de las tasas de inter\u00e9s, explic\u00f3 que &#8220;son tasas muy blandas, la provincia va a aportar un subsidio de dos puntos lo que ya tiene el CFI establecido, hoy estar\u00edamos hablando de una tasa de alrededor del 23 por ciento, son tasas que no existen en el mercado, con lo cual creemos que vamos a tener una gran adhesi\u00f3n por parte de los empresarios y productores primarios a esta l\u00ednea&#8221;. En ese marco coment\u00f3 que la Secretar\u00eda de Ambiente recepcionar\u00e1 las carpetas para dar \u201cfactibilidad para que el CFI pueda ejecutar el cr\u00e9dito\u201d.<\/p>\n<p>&nbsp;<\/p>\n<p>El titular de la cartera ambiental provincial sostuvo que &#8220;el marco del ordenamiento ambiental del sector industrial y primario que nos encomend\u00f3 el gobernador Bordet, y a partir de un releva miento que hicimos al asumir al frente de la Secretar\u00eda, recolectamos las demandas de ambos sectores vinculadas a acceso a tecnolog\u00eda, equipamiento y mejoras de infraestructura. En base a ese trabajo pensamos esta l\u00ednea de cr\u00e9dito que elaboramos de manera conjunta con los sectores mencionados y el CFI&#8221;.<\/p>\n<p>&nbsp;<\/p>\n<p>Por \u00faltimo, Barbieri mencion\u00f3 que la semana pr\u00f3xima habr\u00e1 una reuni\u00f3n de trabajo entre t\u00e9cnicos de la Secretar\u00eda de Ambiente y del CFI Entre R\u00edos para acordar la metodolog\u00eda de trabajo, de an\u00e1lisis de la documentaci\u00f3n y dise\u00f1ar los formularios que deber\u00e1n completar los solicitantes del financiamiento. Eso se publicar\u00e1 luego en la p\u00e1gina web del organismo.<\/p>\n<p>&nbsp;<\/p>\n<p>&nbsp;<\/p>\n<p><strong>Herramienta crediticia<\/strong><\/p>\n<p>En tanto que el coordinador de la Unidad Operadora provincial del CFI, Guillermo Gorskin, explic\u00f3 que \u201cel gobernador firm\u00f3 un convenio con el secretario General del CFI por lo cual tenemos una nueva l\u00ednea de financiamiento, de cr\u00e9dito que se va a ejecutar a trav\u00e9s de la Secretar\u00eda de Ambiente que va a ser receptora de las carpetas de solicitudes de cr\u00e9dito\u201d.<\/p>\n<p>&nbsp;<\/p>\n<p>\u201cEl objetivo de esta l\u00ednea de financiamiento es que los sectores industriales y primarios adquieran equipamiento y tecnolog\u00eda para el tratamiento de los residuos y efluentes y puedan tener una herramienta crediticia para afrontar estas nuevas tecnolog\u00edas\u201d, ahond\u00f3.<\/p>\n<p>&nbsp;<\/p>\n<p>&nbsp;<\/p>\n<p><strong>Alcances del convenio<\/strong><\/p>\n<p>En el marco de la L\u00ednea de Cr\u00e9ditos para la Reactivaci\u00f3n Productiva del CFE, se proceder\u00e1 al financiamiento de toda Inversi\u00f3n en Tecnolog\u00edas de Tratamiento de residuos y efluentes, disponiendo para este tipo de inversiones una tasa de inter\u00e9s diferencial y competitiva, atendiendo a las necesidades de las empresas que presenten proyectos y que reduzcan de forma importante el impacto ambiental de las actividades productivas.<\/p>\n<p>&nbsp;<\/p>\n<p>Las tecnolog\u00edas a financiar en el sector industrial son: demandas existentes en industrias l\u00e1cteas, av\u00edcolas, porcinas, carne vacuna, pastera, planta de acopio y alimento balanceado, Rendering (Producci\u00f3n de harina de plumas, harina de sangre, harina de pescado, harinas de huesos, aceite de pescado, etc. a partir de subproductos c\u00e1rnicos y pescado, sangre, grasa, hueso, plumas de pollos, v\u00edsceras, etc) y frigor\u00edfico de pescado.<\/p>\n<p>&nbsp;<\/p>\n<p>En tanto, las tecnolog\u00edas a financiar en el sector de producci\u00f3n primaria son: sistemas de captura, recolecci\u00f3n, almacenamiento, procesamiento y dispersi\u00f3n de residuos y efluentes (infraestructura, equipamiento y maquinaria).<\/p>\n","protected":false},"excerpt":{"rendered":"<p>El gobernador Gustavo Bordet firm\u00f3 con el titular del Consejo Federal de Inversiones (CFI), Juan Jos\u00e9 Ci\u00e1cera, un convenio para ofrecer l\u00edneas de cr\u00e9dito destinadas a inversiones en tecnolog\u00eda de tratamiento de residuos y efluentes de los sectores industrial y primario &nbsp; &nbsp; &nbsp; &nbsp; &nbsp; El gobierno provincial subsidiar\u00e1 la tasa de inter\u00e9s. Se dispondr\u00e1 hasta un mill\u00f3n de pesos para producci\u00f3n primaria; y hasta 2,5 millones de pesos para el sector industrial. &nbsp; Mediante el convenio, la provincia, a trav\u00e9s de la Secretar\u00eda de Ambiente, aportar\u00e1 los recursos&#8230;<\/p>\n","protected":false},"author":3,"featured_media":33732,"comment_status":"closed","ping_status":"closed","sticky":false,"template":"","format":"standard","meta":[],"categories":[15],"tags":[],"_links":{"self":[{"href":"https:\/\/www.actualidadadiario.com\/index.php\/wp-json\/wp\/v2\/posts\/33731"}],"collection":[{"href":"https:\/\/www.actualidadadiario.com\/index.php\/wp-json\/wp\/v2\/posts"}],"about":[{"href":"https:\/\/www.actualidadadiario.com\/index.php\/wp-json\/wp\/v2\/types\/post"}],"author":[{"embeddable":true,"href":"https:\/\/www.actualidadadiario.com\/index.php\/wp-json\/wp\/v2\/users\/3"}],"replies":[{"embeddable":true,"href":"https:\/\/www.actualidadadiario.com\/index.php\/wp-json\/wp\/v2\/comments?post=33731"}],"version-history":[{"count":1,"href":"https:\/\/www.actualidadadiario.com\/index.php\/wp-json\/wp\/v2\/posts\/33731\/revisions"}],"predecessor-version":[{"id":33733,"href":"https:\/\/www.actualidadadiario.com\/index.php\/wp-json\/wp\/v2\/posts\/33731\/revisions\/33733"}],"wp:featuredmedia":[{"embeddable":true,"href":"https:\/\/www.actualidadadiario.com\/index.php\/wp-json\/wp\/v2\/media\/33732"}],"wp:attachment":[{"href":"https:\/\/www.actualidadadiario.com\/index.php\/wp-json\/wp\/v2\/media?parent=33731"}],"wp:term":[{"taxonomy":"category","embeddable":true,"href":"https:\/\/www.actualidadadiario.com\/index.php\/wp-json\/wp\/v2\/categories?post=33731"},{"taxonomy":"post_tag","embeddable":true,"href":"https:\/\/www.actualidadadiario.com\/index.php\/wp-json\/wp\/v2\/tags?post=33731"}],"curies":[{"name":"wp","href":"https:\/\/api.w.org\/{rel}","templated":true}]}}