{"id":33722,"date":"2018-09-26T10:39:26","date_gmt":"2018-09-26T13:39:26","guid":{"rendered":"https:\/\/www.actualidadadiario.com\/?p=33722"},"modified":"2018-11-06T19:36:59","modified_gmt":"2018-11-06T22:36:59","slug":"la-cifra-que-averguenza-a-los-catolicos-alemanes-3-677-casos-de-abuso-sexual","status":"publish","type":"post","link":"https:\/\/www.actualidadadiario.com\/index.php\/2018\/09\/26\/la-cifra-que-averguenza-a-los-catolicos-alemanes-3-677-casos-de-abuso-sexual\/","title":{"rendered":"La cifra que averg\u00fcenza a los cat\u00f3licos alemanes: 3.677 casos de abuso sexual"},"content":{"rendered":"<p><em><strong>Un alto jerarca pidi\u00f3 disculpas por miles de casos de abuso sexual que tuvieron lugar en la Iglesia cat\u00f3lica alemana entre 1946 y 2014<\/strong><\/em><\/p>\n<p>&nbsp;<\/p>\n<p>&nbsp;<\/p>\n<p>&nbsp;<\/p>\n<p>&nbsp;<\/p>\n<p>&nbsp;<\/p>\n<p>El presidente de la Conferencia Episcopal alemana, el cardenal Reinhard Marx, pidi\u00f3 perd\u00f3n a las v\u00edctimas de abusos sexuales en el seno de la Iglesia cat\u00f3lica alemana despu\u00e9s de que un informe constatara que fueron pr\u00e1cticas ampliamente extendidas durante d\u00e9cadas en la instituci\u00f3n.<\/p>\n<p>&nbsp;<\/p>\n<p>De acuerdo con el informe, encargado por la Conferencia Episcopal alemana, se contabilizaron por lo menos los casos de 3.677 menores de edad v\u00edctimas de abusos por parte de 1.670 religiosos. <em>&#8220;Durante demasiado tiempo, en la Iglesia se negaron abusos, se encubrieron abusos y se mir\u00f3 hacia otro lado. Por este fracaso y por todo el dolor causado, pido perd\u00f3n&#8221;, <\/em>declar\u00f3 el religioso.<\/p>\n<p>&nbsp;<\/p>\n<p><em>&#8220;Se debe decir bien claro: el abuso sexual es un delito. Los culpables deben ser castigados. Esto no puede quedarse sin consecuencias, los afectados tienen derecho a que se haga justicia&#8221;,<\/em> agreg\u00f3 a rengl\u00f3n seguido hoy desde la ciudad alemana de Fulda. Marx tambi\u00e9n reconoci\u00f3 que, durante a\u00f1os, las instituciones eclesi\u00e1sticas no escucharon a quienes sufrieron abusos. &#8220;Hemos prestado poca, cuando no ninguna, atenci\u00f3n a las v\u00edctimas, las hemos descuidado&#8221;, lleg\u00f3 a decir en un momento de su intervenci\u00f3n. &#8220;Muchas personas ya no conf\u00edan en nosotros y lo entiendo&#8221;, subray\u00f3.<\/p>\n<p>&nbsp;<\/p>\n<p>El cardenal expres\u00f3 sus disculpas p\u00fablicas el mismo d\u00eda en el que, acompa\u00f1ado por varios expertos, present\u00f3 oficialmente un estudio sobre los casos de abuso sexual a menores registrados en la Iglesia alemana entre 1946 y 2014, cuyos resultados ya hab\u00edan sido avanzados d\u00edas atr\u00e1s por medios alemanes.<\/p>\n<p>&nbsp;<\/p>\n<p><em>&#8220;Desde 2010 nos comprometimos a tomar medidas y fijar a las v\u00edctimas como prioridad para evitar otras v\u00edctimas. Me pregunto, \u00bfes suficiente lo que hacemos? No, no es suficiente. Tenemos que escuchar a las v\u00edctimas, entenderlas y despu\u00e9s asumir las consecuencias&#8221;,<\/em> sentenci\u00f3, aunque se mostr\u00f3 reacio a que organismos estatales asuman la investigaci\u00f3n de este tipo de casos, prefiriendo que se sigan abordando desde dentro de la Iglesia.<\/p>\n<p>&nbsp;<\/p>\n<p>El m\u00e1ximo responsable del informe, el catedr\u00e1tico de psiquiatr\u00eda forense Harald Dressing, recalc\u00f3 a la agencia alemana dpa que el tema de los abusos todav\u00eda no estaba superado en el seno de la Iglesia y alert\u00f3 que a d\u00eda de hoy &#8220;el riesgo persiste&#8221;.<\/p>\n<p>&nbsp;<\/p>\n<p>Entre las razones que explicar\u00edan la comisi\u00f3n de estos delitos durante tantos a\u00f1os, Dressing cit\u00f3 el pronunciado abuso de poder de la Iglesia, la obligaci\u00f3n de los sacerdotes al celibato o el &#8220;tratamiento problem\u00e1tico&#8221; de la sexualidad, especialmente de la homosexualidad, dentro de la instituci\u00f3n. &#8220;Si la Iglesia quiere superar realmente este tema de los abusos a menores, deber\u00eda ocuparse de estos asuntos en el futuro con seriedad y sin miedo a los cambios&#8221;, asegur\u00f3.<\/p>\n<p>&nbsp;<\/p>\n<p>Los detractores del informe critican que no refleja la dimensi\u00f3n de los abusos sistem\u00e1ticos debido a que los autores no tuvieron acceso a los documentos originales guardados en archivos eclesi\u00e1sticos. Asimismo, denunciaron que faltan declaraciones de v\u00edctimas y que se destruyeron documentos antes de comenzar el estudio. En estudio tampoco revela el nombre de ning\u00fan religioso que se vio envuelto en casos de abusos ni especifica cifras por obispado, sino que los datos se presentan de forma global.<\/p>\n<p>&nbsp;<\/p>\n<p>El papa Francisco asegur\u00f3 este martes que hay una mayor conciencia sobre el fen\u00f3meno de los abusos sexuales dentro de la Iglesia, y afirm\u00f3 que no le temblar\u00e1 el pulso para negar la gracia a todo cura condenado por ello. &#8220;Es cierto que la Iglesia est\u00e1 bajo acusaci\u00f3n, todos lo sabemos, conocemos las estad\u00edsticas&#8221;, reconoci\u00f3 el papa argentino ante los periodistas que lo acompa\u00f1aban a bordo del avi\u00f3n que lo llev\u00f3 desde Estonia a Roma. &#8220;Si s\u00f3lo un sacerdote ha abusado de un ni\u00f1o, es algo monstruoso&#8221;, insisti\u00f3.<\/p>\n<p>&nbsp;<\/p>\n<p>&#8220;Entiendo que los j\u00f3venes est\u00e9n escandalizados por esa corrupci\u00f3n&#8221;, dijo el pont\u00edfice, quien se reuni\u00f3 con j\u00f3venes de Estonia para hablar de esos temas. &#8220;Ellos saben que eso sucede en todas partes&#8221;, admiti\u00f3, &#8220;pero dentro de la Iglesia es m\u00e1s escandaloso, porque debe conducir a los ni\u00f1os a Dios y no hacia la destrucci\u00f3n&#8221;, dijo. Sin embargo, interrogado sobre el informe presentado por la iglesia de Alemania, el papa no quiso hacer ning\u00fan comentario y prefiri\u00f3 hablar sobre el viaje de cuatro d\u00edas a los pa\u00edses b\u00e1lticos que acaba de concluir.<\/p>\n","protected":false},"excerpt":{"rendered":"<p>Un alto jerarca pidi\u00f3 disculpas por miles de casos de abuso sexual que tuvieron lugar en la Iglesia cat\u00f3lica alemana entre 1946 y 2014 &nbsp; &nbsp; &nbsp; &nbsp; &nbsp; El presidente de la Conferencia Episcopal alemana, el cardenal Reinhard Marx, pidi\u00f3 perd\u00f3n a las v\u00edctimas de abusos sexuales en el seno de la Iglesia cat\u00f3lica alemana despu\u00e9s de que un informe constatara que fueron pr\u00e1cticas ampliamente extendidas durante d\u00e9cadas en la instituci\u00f3n. &nbsp; De acuerdo con el informe, encargado por la Conferencia Episcopal alemana, se contabilizaron por lo menos los&#8230;<\/p>\n","protected":false},"author":3,"featured_media":33723,"comment_status":"closed","ping_status":"closed","sticky":false,"template":"","format":"standard","meta":[],"categories":[4],"tags":[],"_links":{"self":[{"href":"https:\/\/www.actualidadadiario.com\/index.php\/wp-json\/wp\/v2\/posts\/33722"}],"collection":[{"href":"https:\/\/www.actualidadadiario.com\/index.php\/wp-json\/wp\/v2\/posts"}],"about":[{"href":"https:\/\/www.actualidadadiario.com\/index.php\/wp-json\/wp\/v2\/types\/post"}],"author":[{"embeddable":true,"href":"https:\/\/www.actualidadadiario.com\/index.php\/wp-json\/wp\/v2\/users\/3"}],"replies":[{"embeddable":true,"href":"https:\/\/www.actualidadadiario.com\/index.php\/wp-json\/wp\/v2\/comments?post=33722"}],"version-history":[{"count":1,"href":"https:\/\/www.actualidadadiario.com\/index.php\/wp-json\/wp\/v2\/posts\/33722\/revisions"}],"predecessor-version":[{"id":33724,"href":"https:\/\/www.actualidadadiario.com\/index.php\/wp-json\/wp\/v2\/posts\/33722\/revisions\/33724"}],"wp:featuredmedia":[{"embeddable":true,"href":"https:\/\/www.actualidadadiario.com\/index.php\/wp-json\/wp\/v2\/media\/33723"}],"wp:attachment":[{"href":"https:\/\/www.actualidadadiario.com\/index.php\/wp-json\/wp\/v2\/media?parent=33722"}],"wp:term":[{"taxonomy":"category","embeddable":true,"href":"https:\/\/www.actualidadadiario.com\/index.php\/wp-json\/wp\/v2\/categories?post=33722"},{"taxonomy":"post_tag","embeddable":true,"href":"https:\/\/www.actualidadadiario.com\/index.php\/wp-json\/wp\/v2\/tags?post=33722"}],"curies":[{"name":"wp","href":"https:\/\/api.w.org\/{rel}","templated":true}]}}