{"id":33716,"date":"2018-09-26T10:38:04","date_gmt":"2018-09-26T13:38:04","guid":{"rendered":"https:\/\/www.actualidadadiario.com\/?p=33716"},"modified":"2018-11-06T19:36:59","modified_gmt":"2018-11-06T22:36:59","slug":"hay-mas-de-12-mil-personas-presas-en-carceles-federales-el-mayor-numero-historico","status":"publish","type":"post","link":"https:\/\/www.actualidadadiario.com\/index.php\/2018\/09\/26\/hay-mas-de-12-mil-personas-presas-en-carceles-federales-el-mayor-numero-historico\/","title":{"rendered":"Hay m\u00e1s de 12 mil personas presas en c\u00e1rceles federales, el mayor n\u00famero hist\u00f3rico"},"content":{"rendered":"<p><em><strong>En el informe anual del Registro Nacional de Casos de Tortura se determin\u00f3 que se produjo un incremento de casi 8 por ciento en la cantidad de personas detenidas en las c\u00e1rceles federales. Tambi\u00e9n se inform\u00f3 sobre casos de torturas<\/strong><\/em><\/p>\n<p>&nbsp;<\/p>\n<p>&nbsp;<\/p>\n<p>&nbsp;<\/p>\n<p>&nbsp;<\/p>\n<p>&nbsp;<\/p>\n<p>El primer trimestre de 2018 alcanz\u00f3 el record de personas detenidas en c\u00e1rceles del Servicio Penitenciario Federal. La cifra no es en relaci\u00f3n al a\u00f1o pasado, ni entre trimestres: es la cifra de mayor cantidad de personas alojada en la historia del SPF. El dato surge del Bolet\u00edn Estad\u00edstico de la Procuraci\u00f3n Penitenciaria de la Naci\u00f3n que, junto a la Comisi\u00f3n Provincial por la Memoria y el Grupo de Estudios sobre Sistema Penal y DD.HH. conforman el Registro Nacional de Casos de Torturas (RNCT). El informe anual del RNCT fue presentado recientemente y da la perspectiva de hacinamiento, violencia y torturas en las c\u00e1rceles federales durante 2017.<\/p>\n<p>&nbsp;<\/p>\n<p>La cifra correspondiente al primer trimestre de este a\u00f1o, la cifra r\u00e9cord, fue de 12.084 personas alojadas. Comparada con la cifra del mismo trimestre del a\u00f1o pasado (11.233), 851 personas m\u00e1s, da un incremento de 7,57 por ciento. La tendencia a la prisionalizaci\u00f3n se observa desde hace a\u00f1os.<\/p>\n<p>&nbsp;<\/p>\n<p>En el Bolet\u00edn Estad\u00edstico se registra que la cantidad de personas alojadas era de 9.971 personas: 2113 personas m\u00e1s, lo que representa m\u00e1s de la quinta parte 21,19 por ciento.<\/p>\n<p>&nbsp;<\/p>\n<p>En la presentaci\u00f3n del informe anual (correspondiente a 2017) del RNCT, sus presentadores sostuvieron que como resultado de la \u201cexpansi\u00f3n de las pol\u00edticas punitivistas desplegadas a partir del a\u00f1o 2013 y profundizadas en los dos \u00faltimos a\u00f1os, ambos servicios penitenciarios \u2013el Federal-Nacional y el Bonaerense\u2013, registraron un aumento de la poblaci\u00f3n encarcelada de un 8,53 por ciento y 11,62 respectivamente en el \u00faltimo a\u00f1o\u201d.<\/p>\n<p>&nbsp;<\/p>\n<p>Asimismo, los referentes sostuvieron que \u201cen el trabajo de campo realizado en 2017, s\u00f3lo en 71 lugares de encierro, se relevaron 1.408 v\u00edctimas que denunciaron 5328 hechos de torturas y\/o malos tratos. La mayor\u00eda de las v\u00edctimas, m\u00e1s del 70 por ciento, tienen menos de 35 a\u00f1os. J\u00f3venes de los sectores m\u00e1s pobres de la sociedad, esa es la marca selectiva del sistema penal\u201d.<\/p>\n<p>&nbsp;<\/p>\n<p>Las torturas y los malos tratos llegan de la mano del hacinamiento. Tambi\u00e9n el deterioro de la salud. En promedio, la atenci\u00f3n de los problemas de salud de las personas presas se resuelve en un a\u00f1o y dos meses.<\/p>\n","protected":false},"excerpt":{"rendered":"<p>En el informe anual del Registro Nacional de Casos de Tortura se determin\u00f3 que se produjo un incremento de casi 8 por ciento en la cantidad de personas detenidas en las c\u00e1rceles federales. Tambi\u00e9n se inform\u00f3 sobre casos de torturas &nbsp; &nbsp; &nbsp; &nbsp; &nbsp; El primer trimestre de 2018 alcanz\u00f3 el record de personas detenidas en c\u00e1rceles del Servicio Penitenciario Federal. La cifra no es en relaci\u00f3n al a\u00f1o pasado, ni entre trimestres: es la cifra de mayor cantidad de personas alojada en la historia del SPF. El dato&#8230;<\/p>\n","protected":false},"author":3,"featured_media":33717,"comment_status":"closed","ping_status":"closed","sticky":false,"template":"","format":"standard","meta":[],"categories":[4],"tags":[],"_links":{"self":[{"href":"https:\/\/www.actualidadadiario.com\/index.php\/wp-json\/wp\/v2\/posts\/33716"}],"collection":[{"href":"https:\/\/www.actualidadadiario.com\/index.php\/wp-json\/wp\/v2\/posts"}],"about":[{"href":"https:\/\/www.actualidadadiario.com\/index.php\/wp-json\/wp\/v2\/types\/post"}],"author":[{"embeddable":true,"href":"https:\/\/www.actualidadadiario.com\/index.php\/wp-json\/wp\/v2\/users\/3"}],"replies":[{"embeddable":true,"href":"https:\/\/www.actualidadadiario.com\/index.php\/wp-json\/wp\/v2\/comments?post=33716"}],"version-history":[{"count":1,"href":"https:\/\/www.actualidadadiario.com\/index.php\/wp-json\/wp\/v2\/posts\/33716\/revisions"}],"predecessor-version":[{"id":33718,"href":"https:\/\/www.actualidadadiario.com\/index.php\/wp-json\/wp\/v2\/posts\/33716\/revisions\/33718"}],"wp:featuredmedia":[{"embeddable":true,"href":"https:\/\/www.actualidadadiario.com\/index.php\/wp-json\/wp\/v2\/media\/33717"}],"wp:attachment":[{"href":"https:\/\/www.actualidadadiario.com\/index.php\/wp-json\/wp\/v2\/media?parent=33716"}],"wp:term":[{"taxonomy":"category","embeddable":true,"href":"https:\/\/www.actualidadadiario.com\/index.php\/wp-json\/wp\/v2\/categories?post=33716"},{"taxonomy":"post_tag","embeddable":true,"href":"https:\/\/www.actualidadadiario.com\/index.php\/wp-json\/wp\/v2\/tags?post=33716"}],"curies":[{"name":"wp","href":"https:\/\/api.w.org\/{rel}","templated":true}]}}