{"id":33707,"date":"2018-09-26T10:30:24","date_gmt":"2018-09-26T13:30:24","guid":{"rendered":"https:\/\/www.actualidadadiario.com\/?p=33707"},"modified":"2018-11-06T19:37:03","modified_gmt":"2018-11-06T22:37:03","slug":"la-cgt-se-endurece-si-el-gobierno-no-tiene-plan-b-no-va-a-haber-tregua","status":"publish","type":"post","link":"https:\/\/www.actualidadadiario.com\/index.php\/2018\/09\/26\/la-cgt-se-endurece-si-el-gobierno-no-tiene-plan-b-no-va-a-haber-tregua\/","title":{"rendered":"La CGT se endurece: \u201cSi el Gobierno no tiene plan B no va a haber tregua\u201d"},"content":{"rendered":"<p><em><strong>La central obrera destac\u00f3 el \u201c\u00e9xito\u201d del paro general y fustig\u00f3 contra el plan econ\u00f3mico del gobierno de Macri. &#8220;El plan econ\u00f3mico ha fracasado&#8221;, cruz\u00f3 Schmid<\/strong><\/em><\/p>\n<p>&nbsp;<\/p>\n<p>&nbsp;<\/p>\n<p>&nbsp;<\/p>\n<p>&nbsp;<\/p>\n<p>&nbsp;<\/p>\n<p>La Confederaci\u00f3n General del Trabajo (CGT) endurece su postura contra el gobierno de Mauricio Macri y el triunvirato de conducci\u00f3n advirti\u00f3 este martes, en medio del paro general que paraliz\u00f3 la Argentina, que \u201csi no hay plan B\u201d\u00a0 respecto del plan econ\u00f3mico \u201ctampoco va a haber tregua con el movimiento sindical argentino\u201d.<\/p>\n<p>&nbsp;<\/p>\n<p>El encargado de enviar el mensaje fue el triunviro Juan Carlos Schmid, durante la conferencia de prensa de la central obrera de este martes. El titular de Dragado y Balizamiento resalt\u00f3 que &#8220;se ha expresado de forma contundente, a lo largo y ancho el pa\u00eds, el profundo rechazo a las consecuencias de este trazado econ\u00f3mico\u201d.<\/p>\n<p>&nbsp;<\/p>\n<p>\u201cEn el mismo momento en que la cabeza del Ejecutivo est\u00e1 en Estados Unidos se conoce la renuncia del presidente del Banco Central, lo que demuestra las tensiones internas en el elenco gubernamental&#8221;, sostuvo el dirigente. En ese sentido, Schmid sostuvo que &#8220;el plan econ\u00f3mico ha fracasado&#8221;.<\/p>\n","protected":false},"excerpt":{"rendered":"<p>La central obrera destac\u00f3 el \u201c\u00e9xito\u201d del paro general y fustig\u00f3 contra el plan econ\u00f3mico del gobierno de Macri. &#8220;El plan econ\u00f3mico ha fracasado&#8221;, cruz\u00f3 Schmid &nbsp; &nbsp; &nbsp; &nbsp; &nbsp; La Confederaci\u00f3n General del Trabajo (CGT) endurece su postura contra el gobierno de Mauricio Macri y el triunvirato de conducci\u00f3n advirti\u00f3 este martes, en medio del paro general que paraliz\u00f3 la Argentina, que \u201csi no hay plan B\u201d\u00a0 respecto del plan econ\u00f3mico \u201ctampoco va a haber tregua con el movimiento sindical argentino\u201d. &nbsp; El encargado de enviar el mensaje&#8230;<\/p>\n","protected":false},"author":3,"featured_media":33708,"comment_status":"closed","ping_status":"closed","sticky":false,"template":"","format":"standard","meta":[],"categories":[9],"tags":[],"_links":{"self":[{"href":"https:\/\/www.actualidadadiario.com\/index.php\/wp-json\/wp\/v2\/posts\/33707"}],"collection":[{"href":"https:\/\/www.actualidadadiario.com\/index.php\/wp-json\/wp\/v2\/posts"}],"about":[{"href":"https:\/\/www.actualidadadiario.com\/index.php\/wp-json\/wp\/v2\/types\/post"}],"author":[{"embeddable":true,"href":"https:\/\/www.actualidadadiario.com\/index.php\/wp-json\/wp\/v2\/users\/3"}],"replies":[{"embeddable":true,"href":"https:\/\/www.actualidadadiario.com\/index.php\/wp-json\/wp\/v2\/comments?post=33707"}],"version-history":[{"count":1,"href":"https:\/\/www.actualidadadiario.com\/index.php\/wp-json\/wp\/v2\/posts\/33707\/revisions"}],"predecessor-version":[{"id":33709,"href":"https:\/\/www.actualidadadiario.com\/index.php\/wp-json\/wp\/v2\/posts\/33707\/revisions\/33709"}],"wp:featuredmedia":[{"embeddable":true,"href":"https:\/\/www.actualidadadiario.com\/index.php\/wp-json\/wp\/v2\/media\/33708"}],"wp:attachment":[{"href":"https:\/\/www.actualidadadiario.com\/index.php\/wp-json\/wp\/v2\/media?parent=33707"}],"wp:term":[{"taxonomy":"category","embeddable":true,"href":"https:\/\/www.actualidadadiario.com\/index.php\/wp-json\/wp\/v2\/categories?post=33707"},{"taxonomy":"post_tag","embeddable":true,"href":"https:\/\/www.actualidadadiario.com\/index.php\/wp-json\/wp\/v2\/tags?post=33707"}],"curies":[{"name":"wp","href":"https:\/\/api.w.org\/{rel}","templated":true}]}}