{"id":33704,"date":"2018-09-26T10:29:42","date_gmt":"2018-09-26T13:29:42","guid":{"rendered":"https:\/\/www.actualidadadiario.com\/?p=33704"},"modified":"2018-11-06T19:37:03","modified_gmt":"2018-11-06T22:37:03","slug":"desigual-reaccion-de-los-gobernadores-frente-al-paro-general-de-ayer","status":"publish","type":"post","link":"https:\/\/www.actualidadadiario.com\/index.php\/2018\/09\/26\/desigual-reaccion-de-los-gobernadores-frente-al-paro-general-de-ayer\/","title":{"rendered":"Desigual reacci\u00f3n de los gobernadores frente al paro general de ayer"},"content":{"rendered":"<p><em><strong>Aunque con matices, peronismo llam\u00f3 a escuchar el \u201cmensaje\u201d de la huelga de la CGT y las CTA, y apuntaron al Presidente. Pero otros mandatarios se desmarcaron y leyeron que la protesta \u201cno aporta nada\u201d<\/strong><\/em><\/p>\n<p>&nbsp;<\/p>\n<p>&nbsp;<\/p>\n<p>&nbsp;<\/p>\n<p>&nbsp;<\/p>\n<p>El cuarto paro general ayer contra Mauricio Macri gener\u00f3 reacciones dispares entre los gobernadores, en un arco que mixtur\u00f3 el pedido a la Casa Rosada de que oiga el mensaje de los trabajadores y pegue un volantazo en la pol\u00edtica econ\u00f3mica, con la cr\u00edtica a una huelga considerada &#8220;inoportuna&#8221; o &#8220;poco productiva&#8221;.<\/p>\n<p>&nbsp;<\/p>\n<p>La primera mirada brot\u00f3 -sobre todo, aunque con matices- de despachos peronistas; la segunda, menos extendida, desde filas de Cambiemos o de justicialistas de flu\u00eddo di\u00e1logo con Balcarce 50.<\/p>\n<p>&nbsp;<\/p>\n<p>Al combo de una jornada donde la adhesi\u00f3n de los gremios del transporte a la medida de fuerza de la CTG -con apoyo de las CTA- fue clave que la protesta se haga sentir, se sum\u00f3 adem\u00e1s la intempestiva salida de Luis Caputo del Banco Central, un portazo que fogone\u00f3 el reclamo de mandatarios del PJ en pos de un cambio en la gesti\u00f3n econ\u00f3mica.<\/p>\n<p>&nbsp;<\/p>\n<p>&#8220;El trabajador la est\u00e1 pasando muy mal, y cuando se hace un paro uno tiene que entender los motivos&#8221;, dijo ayer el justicialista entrerriano Gustavo Bordet, adem\u00e1s de remarcar que &#8220;a veces la puja salarial queda muy atr\u00e1s de los efectos inflacionarios&#8221; y de mostrarse &#8220;respetuoso&#8221; del derecho a huelga.<\/p>\n<p>&nbsp;<\/p>\n<p>Bordet tampoco esquiv\u00f3 -con tono cr\u00edtico- el paso al costado de Caputo. &#8220;Preocupa que haya muchos vaivenes e indefinici\u00f3n en el manejo del Banco Central, que es clave porque le da previsibilidad a las finanzas p\u00fablicas&#8221;, dijo. Y apunt\u00f3 de lleno a la pol\u00edtica econ\u00f3mica de Macri. &#8220;Tiene que haber un cambio claramente, porque no podemos tener tasas de inter\u00e9s a un 50% que desalientan la inversi\u00f3n; hay que salir r\u00e1pidamente de una coyuntura financiera que hace m\u00e1s rentable lo especulativo que lo productivo&#8221;, enfatiz\u00f3, en declaraciones a APF Digital.<\/p>\n<p>&nbsp;<\/p>\n<p>En sinton\u00eda, el neuquino Omar Guti\u00e9rrez (MPN) inst\u00f3 a &#8220;respetar estas expresiones, saber escuchar al pueblo&#8221;. &#8220;Hay que estar atentos, tener Estados presentes y activos&#8221;, aport\u00f3 el mandatario, quien acord\u00f3 con sindicatos locales la implementaci\u00f3n de guardias para &#8220;conectar, transferir, transportar y evacuar la producci\u00f3n del gas&#8221; durante el d\u00eda de ayer.<\/p>\n<p>&nbsp;<\/p>\n<p>Otro patag\u00f3nico de una fuerza con sello provincial, el rionegrino Alberto Weretilneck, dijo &#8220;compartir&#8221; los &#8220;motivos&#8221; del paro porque -en l\u00ednea con la posici\u00f3n de Bordet- &#8220;el Gobierno tiene que acertar con una pol\u00edtica econ\u00f3mica distinta a la que estamos viviendo&#8221;.<\/p>\n<p>&nbsp;<\/p>\n<p>Sin embargo, consider\u00f3 que la huelga &#8220;no es productiva para el pa\u00eds en esta circunstancia, porque el chico que va a clases pierde el d\u00eda, un comercio que no puede facturar va a tener m\u00e1s inconvenientes, y a aquellos trabajadores que se les descuente el d\u00eda o su productividad tambi\u00e9n van a tener perjuicios&#8221;.<\/p>\n<p>&nbsp;<\/p>\n<p>En la previa al paro se hab\u00eda pronunciado tambi\u00e9n el tucumano peronista Juan Manzur, en clave de respaldo. &#8220;A la gente le alcanza cada vez menos; entonces, los representantes de los trabajadores van a ejercer el derecho a la protesta, un derecho constitucional&#8221;, sentenci\u00f3, y coincidi\u00f3 en exigir &#8220;un cambio en el rumbo econ\u00f3mico&#8221; porque &#8220;en este contexto tendremos m\u00e1s desempleo, aumentar\u00e1 la pobreza y la indigencia, y no habr\u00e1 qui\u00e9n ponga fondos para una reactivaci\u00f3n&#8221;.<\/p>\n<p>&nbsp;<\/p>\n<p>Desde la vereda de Cambiemos, sin embargo, el radical correntino Gustavo Vald\u00e9s asumi\u00f3 ayer una mirada m\u00e1s dura ante el paro general, al que tild\u00f3 de &#8220;inoportuno&#8221;.<\/p>\n<p>&nbsp;<\/p>\n<p>&#8220;Se da en el momento en que el pa\u00eds est\u00e1 por resolver la cuesti\u00f3n del financiamiento, y \u00e9sto no ayuda&#8221;, cuestion\u00f3, aunque resalt\u00f3 que &#8220;es tambi\u00e9n un momento delicado en el que el proceso inflacionario castiga a los que menos tienen, por lo que merece que analicemos y busquemos las soluciones&#8221;.<\/p>\n<p>&nbsp;<\/p>\n<p>Por un carril con tonalidades similares se expres\u00f3, en la antesala de la huelga, el peronista salte\u00f1o Juan Manuel Urtubey, en un posicionamiento desafiante que le vali\u00f3 furibundos cuestionamientos de sectores sindicales.<\/p>\n<p>&nbsp;<\/p>\n<p>&#8220;No voy a deslegitimar la decisi\u00f3n de la huelga porque les corresponde hacerlo si as\u00ed lo desean; en lo personal, creo que no aporta mucho en este momento de crisis que vive la Argentina&#8221;, dispar\u00f3 el mandatario, de buena sinton\u00eda con Macri y marcado por su aspiraci\u00f3n presidencial.<\/p>\n<p>&nbsp;<\/p>\n<p>Uno de los que recogi\u00f3 el guante fue el secretario general de la Asociaci\u00f3n Bancaria, Sergio Palazzo. &#8220;A veces parece m\u00e1s el Jefe de Gabinete de Macri que otra cosa&#8221;, ironiz\u00f3.<\/p>\n<p>&nbsp;<\/p>\n<p>Por esas horas, el radical cuyano Alfredo Cornejo tambi\u00e9n hab\u00eda salido a marcar aguas. &#8220;Los mendocinos tienen derecho a huelga, pero tambi\u00e9n tienen derecho a trabajar los que no quieren hacer huelga&#8221;, enfatiz\u00f3.<\/p>\n","protected":false},"excerpt":{"rendered":"<p>Aunque con matices, peronismo llam\u00f3 a escuchar el \u201cmensaje\u201d de la huelga de la CGT y las CTA, y apuntaron al Presidente. Pero otros mandatarios se desmarcaron y leyeron que la protesta \u201cno aporta nada\u201d &nbsp; &nbsp; &nbsp; &nbsp; El cuarto paro general ayer contra Mauricio Macri gener\u00f3 reacciones dispares entre los gobernadores, en un arco que mixtur\u00f3 el pedido a la Casa Rosada de que oiga el mensaje de los trabajadores y pegue un volantazo en la pol\u00edtica econ\u00f3mica, con la cr\u00edtica a una huelga considerada &#8220;inoportuna&#8221; o &#8220;poco&#8230;<\/p>\n","protected":false},"author":3,"featured_media":33705,"comment_status":"closed","ping_status":"closed","sticky":false,"template":"","format":"standard","meta":[],"categories":[18],"tags":[],"_links":{"self":[{"href":"https:\/\/www.actualidadadiario.com\/index.php\/wp-json\/wp\/v2\/posts\/33704"}],"collection":[{"href":"https:\/\/www.actualidadadiario.com\/index.php\/wp-json\/wp\/v2\/posts"}],"about":[{"href":"https:\/\/www.actualidadadiario.com\/index.php\/wp-json\/wp\/v2\/types\/post"}],"author":[{"embeddable":true,"href":"https:\/\/www.actualidadadiario.com\/index.php\/wp-json\/wp\/v2\/users\/3"}],"replies":[{"embeddable":true,"href":"https:\/\/www.actualidadadiario.com\/index.php\/wp-json\/wp\/v2\/comments?post=33704"}],"version-history":[{"count":1,"href":"https:\/\/www.actualidadadiario.com\/index.php\/wp-json\/wp\/v2\/posts\/33704\/revisions"}],"predecessor-version":[{"id":33706,"href":"https:\/\/www.actualidadadiario.com\/index.php\/wp-json\/wp\/v2\/posts\/33704\/revisions\/33706"}],"wp:featuredmedia":[{"embeddable":true,"href":"https:\/\/www.actualidadadiario.com\/index.php\/wp-json\/wp\/v2\/media\/33705"}],"wp:attachment":[{"href":"https:\/\/www.actualidadadiario.com\/index.php\/wp-json\/wp\/v2\/media?parent=33704"}],"wp:term":[{"taxonomy":"category","embeddable":true,"href":"https:\/\/www.actualidadadiario.com\/index.php\/wp-json\/wp\/v2\/categories?post=33704"},{"taxonomy":"post_tag","embeddable":true,"href":"https:\/\/www.actualidadadiario.com\/index.php\/wp-json\/wp\/v2\/tags?post=33704"}],"curies":[{"name":"wp","href":"https:\/\/api.w.org\/{rel}","templated":true}]}}