{"id":33681,"date":"2018-09-26T10:23:50","date_gmt":"2018-09-26T13:23:50","guid":{"rendered":"https:\/\/www.actualidadadiario.com\/?p=33681"},"modified":"2018-11-06T19:37:04","modified_gmt":"2018-11-06T22:37:04","slug":"sectores-sensibles-desconfian-de-la-baja-de-tasas-y-no-quieren-dolar-especulativo","status":"publish","type":"post","link":"https:\/\/www.actualidadadiario.com\/index.php\/2018\/09\/26\/sectores-sensibles-desconfian-de-la-baja-de-tasas-y-no-quieren-dolar-especulativo\/","title":{"rendered":"Sectores sensibles desconf\u00edan de la baja de tasas y no quieren &#8220;d\u00f3lar especulativo&#8221;"},"content":{"rendered":"<p><em><strong>Escepticismo frente a la nueva presidencia del BCRA<\/strong><\/em><\/p>\n<p>&nbsp;<\/p>\n<p>&nbsp;<\/p>\n<p>&nbsp;<\/p>\n<p>El cambio en la presidencia del Banco Central no despert\u00f3 expectativas favorables en sectores sensibles de la industria, desde donde observan un fortalecimiento de la figura del ministro de Hacienda, Nicol\u00e1s Dujovne, con la proyecci\u00f3n de que es improbable una baja de la tasa de referencia para dinamizar el mercado interno y serios interrogantes de que el d\u00f3lar suba en los pr\u00f3ximos d\u00edas.<\/p>\n<p>&nbsp;<\/p>\n<p>El presidente de la Coordinadora de Productos Alimenticios (Copal), Daniel Funes de Rioja, se\u00f1al\u00f3 que &#8220;se ha entrado en una nueva fase de pol\u00edtica monetaria y cambiaria&#8221;. &#8220;Lo que veo es una conducci\u00f3n unificada de Dujovne con la sincron\u00eda entre el Ministerio de Hacienda y el Banco Central&#8221;, destac\u00f3.<\/p>\n<p>&nbsp;<\/p>\n<p>En esta direcci\u00f3n, reiter\u00f3 que &#8220;Copal plantea un d\u00f3lar competitivo, pero no un d\u00f3lar especulativo&#8221;, y dijo que &#8220;en forma urgente, se deben bajar los costos de financiamiento para las econom\u00edas regionales&#8221;. &#8220;Esto tiene que ser muy r\u00e1pido a una tasa que sea abordable por las empresas, con un techo real&#8221;, enfatiz\u00f3. Consultado sobre el destino de la ampliaci\u00f3n del pr\u00e9stamo del FMI, Funes de Rioja manifest\u00f3 que &#8220;hay instrumentos para beneficiar al sector productivo, como el manejo de los encajes&#8221;.<\/p>\n<p>&nbsp;<\/p>\n<p>Por su parte, el secretario de la C\u00e1mara de la Industria del Calzado, Horacio Moschetto, insisti\u00f3 en que &#8220;los d\u00f3lares deben atender a la producci\u00f3n&#8221;. &#8220;No analizamos estos cambios de gobierno. Nosotros s\u00f3lo vemos que las ventas no repuntan, que hay desempleo, y que se necesita de un mercado interno fuerte&#8221;, sostuvo. Otras fuentes del sector a\u00f1adieron que la salida de Luis Caputo &#8220;es un condicionamiento del FMI por el gasto de reservas para contener el d\u00f3lar&#8221;. &#8220;Los fabricantes de calzado tuvimos reuniones con funcionarios y nos dijeron que se vienen seis meses muy duros&#8221;, alert\u00f3 la fuente consultada.<\/p>\n<p>&nbsp;<\/p>\n<p>El presidente de la c\u00e1mara de marroquiner\u00eda CIMA, Ariel Aguilar, consider\u00f3 que &#8220;es imposible con un presupuesto recesivo que se puedan bajar las tasas&#8221; y sostuvo que &#8220;hace a\u00f1os&#8221; que el sector pide &#8220;una pol\u00edtica expansiva, junto a una administraci\u00f3n del comercio exterior&#8221;. &#8220;Con este nivel de tasas, el sector pyme no puede producir. Con el cambio en el Banco Central, creo que hay una profundizaci\u00f3n del modelo de pol\u00edticas del FMI. Una tasa productiva no puede superar 25 por ciento&#8221;, afirm\u00f3.<\/p>\n<p>&nbsp;<\/p>\n<p>A su vez, el titular de la Cgera, Marcelo Fern\u00e1ndez, admiti\u00f3 que el cambio en la m\u00e1xima autoridad monetaria lo sorprendi\u00f3. &#8220;No sabemos qu\u00e9 puede pasar con la econom\u00eda. Se tienen que bajar las tasas internas porque los problemas de financiamiento son muy grandes. No soy para nada optimista, pero parte de los d\u00f3lares del Fondo se tienen que orientar a pol\u00edticas productivas&#8221;, analiz\u00f3.<\/p>\n","protected":false},"excerpt":{"rendered":"<p>Escepticismo frente a la nueva presidencia del BCRA &nbsp; &nbsp; &nbsp; El cambio en la presidencia del Banco Central no despert\u00f3 expectativas favorables en sectores sensibles de la industria, desde donde observan un fortalecimiento de la figura del ministro de Hacienda, Nicol\u00e1s Dujovne, con la proyecci\u00f3n de que es improbable una baja de la tasa de referencia para dinamizar el mercado interno y serios interrogantes de que el d\u00f3lar suba en los pr\u00f3ximos d\u00edas. &nbsp; El presidente de la Coordinadora de Productos Alimenticios (Copal), Daniel Funes de Rioja, se\u00f1al\u00f3 que&#8230;<\/p>\n","protected":false},"author":3,"featured_media":33682,"comment_status":"closed","ping_status":"closed","sticky":false,"template":"","format":"standard","meta":[],"categories":[2],"tags":[],"_links":{"self":[{"href":"https:\/\/www.actualidadadiario.com\/index.php\/wp-json\/wp\/v2\/posts\/33681"}],"collection":[{"href":"https:\/\/www.actualidadadiario.com\/index.php\/wp-json\/wp\/v2\/posts"}],"about":[{"href":"https:\/\/www.actualidadadiario.com\/index.php\/wp-json\/wp\/v2\/types\/post"}],"author":[{"embeddable":true,"href":"https:\/\/www.actualidadadiario.com\/index.php\/wp-json\/wp\/v2\/users\/3"}],"replies":[{"embeddable":true,"href":"https:\/\/www.actualidadadiario.com\/index.php\/wp-json\/wp\/v2\/comments?post=33681"}],"version-history":[{"count":1,"href":"https:\/\/www.actualidadadiario.com\/index.php\/wp-json\/wp\/v2\/posts\/33681\/revisions"}],"predecessor-version":[{"id":33683,"href":"https:\/\/www.actualidadadiario.com\/index.php\/wp-json\/wp\/v2\/posts\/33681\/revisions\/33683"}],"wp:featuredmedia":[{"embeddable":true,"href":"https:\/\/www.actualidadadiario.com\/index.php\/wp-json\/wp\/v2\/media\/33682"}],"wp:attachment":[{"href":"https:\/\/www.actualidadadiario.com\/index.php\/wp-json\/wp\/v2\/media?parent=33681"}],"wp:term":[{"taxonomy":"category","embeddable":true,"href":"https:\/\/www.actualidadadiario.com\/index.php\/wp-json\/wp\/v2\/categories?post=33681"},{"taxonomy":"post_tag","embeddable":true,"href":"https:\/\/www.actualidadadiario.com\/index.php\/wp-json\/wp\/v2\/tags?post=33681"}],"curies":[{"name":"wp","href":"https:\/\/api.w.org\/{rel}","templated":true}]}}