{"id":33678,"date":"2018-09-26T10:23:12","date_gmt":"2018-09-26T13:23:12","guid":{"rendered":"https:\/\/www.actualidadadiario.com\/?p=33678"},"modified":"2018-11-06T19:37:04","modified_gmt":"2018-11-06T22:37:04","slug":"empresarios-en-alerta-por-un-equipo-economico-desorientado-y-sin-plan","status":"publish","type":"post","link":"https:\/\/www.actualidadadiario.com\/index.php\/2018\/09\/26\/empresarios-en-alerta-por-un-equipo-economico-desorientado-y-sin-plan\/","title":{"rendered":"Empresarios en alerta por un equipo econ\u00f3mico desorientado y sin plan"},"content":{"rendered":"<p><em><strong>Los empresarios m\u00e1s poderosos del pa\u00eds comenzaron a desandar algunas banderas en favor de los cambios impulsados por el Gobierno aunque evitaron hacerlo de manera p\u00fablica. El \u00faltimo de los funcionarios que m\u00e1s confianza les gener\u00f3, y al que le creyeron incluso a vista de un futuro complejo para la actividad econ\u00f3mica, fue el renunciante presidente del Banco Central, Luis Caputo. Ahora, les gan\u00f3 el desconcierto y sus an\u00e1lisis tienen mayor margen de error, seg\u00fan sus propias definiciones<\/strong><\/em><\/p>\n<p>&nbsp;<\/p>\n<p>&nbsp;<\/p>\n<p>&nbsp;<\/p>\n<p>&nbsp;<\/p>\n<p>El lunes y durante las primeras horas de ayer se dirim\u00edan entre los que defin\u00edan al paro gremial como &#8220;pol\u00edtico&#8221; o &#8220;contextual&#8221;. Todos coincid\u00edan en que una medida de fuerza, &#8220;aun cuando existen argumentos para realizarlo&#8221;, se trataba de una decisi\u00f3n &#8220;poco feliz&#8221; para el momento del pa\u00eds. Pero la salida de Caputo del BCRA los dej\u00f3 sin argumentos: &#8220;est\u00e1 claro que no existe un plan que permita establecer un par\u00e1metro&#8221;.<\/p>\n<p>&nbsp;<\/p>\n<p>Los empresarios reconocen que su incidencia es &#8220;devaluada&#8221; y que &#8220;hace tiempo&#8221; dejaron de ser consultados para sopesar medidas econ\u00f3mica o de impulso a la actividad. El argumento mayor lo llevan las causas que investigan casos de corrupci\u00f3n y que los dejaron sin poder opinar sobre las necesidades de las empresas nacionales en el medio de la crisis.<\/p>\n<p>&nbsp;<\/p>\n<p>Son varios los due\u00f1os y ejecutivos de empresas de primera l\u00ednea los que admitieron a BAE Negocios que la estanflaci\u00f3n que destruye a las firmas locales estar\u00e1 presente por mucho m\u00e1s que un a\u00f1o, y descartaron nuevamente la teor\u00eda del segundo semestre que desde el Ejecutivo prometieron que finalmente llegar\u00e1 para el 2019, en plena contienda electoral. All\u00ed reside la principal preocupaci\u00f3n del sector privado.<\/p>\n<p>&nbsp;<\/p>\n<p>Sucede que los hombres y mujeres de negocios esperan en materia pol\u00edtica el surgimiento de una tercera l\u00ednea que se aleje del camino de Cambiemos, pero que evite el retorno al &#8220;populismo&#8221; con Cristina Kirchner a la cabeza. Aunque, un a\u00f1o es una &#8220;eternidad&#8221; para la supervivencia de f\u00e1bricas y negocios.<\/p>\n<p>&nbsp;<\/p>\n<p>Existe por estas horas una abundancia de incertidumbre entre los empresarios, que se resignaron a tasas altas por una larga temporada y al congelamiento de las expectativas productivas. As\u00ed como en plena fiebre importadora aceptaron comprar afuera del pa\u00eds bienes de capital para agregar un peque\u00f1o valor y mostrar as\u00ed la etiqueta nacional, hoy piensan en las inversiones financieras para sobrellevar el estado de sus cuentas en rojo.<\/p>\n<p>&nbsp;<\/p>\n<p>Incluso, realizan peque\u00f1os artilugios que les permiten sobrevivir un mes m\u00e1s: adeudar aportes patronales porque la tasa de inter\u00e9s de la AFIP est\u00e1 muy por debajo del 60% que dej\u00f3 Caputo en su paso por el BCRA.<\/p>\n<p>&nbsp;<\/p>\n<p>Ayer, en el medio de una ciudad de Buenos Aires vac\u00eda y sin reuniones empresarias -como el caso de la UIA que desactiv\u00f3 24 horas antes a su Comit\u00e9 Ejecutivo por falta de qu\u00f3rum-, circul\u00f3 por mensajes multimedias una explicaci\u00f3n sobre los tiempos estrat\u00e9gicos utilizados para la salida de Caputo. Pero ya pocos le creen. &#8220;No saben en d\u00f3nde est\u00e1n parados. Ni siquiera admiten los graves errores que los van a llevar por negligentes, en el mejor de los casos, ante la justicia&#8221;, dispar\u00f3 el due\u00f1o de una f\u00e1brica.<\/p>\n<p>&nbsp;<\/p>\n<p>Esa fue una imagen del cambio de \u00e9poca. Los empresarios desconf\u00edan del Gobierno y de sus intenciones. E incluso, de la Justicia. La indagatoria de Paolo Rocca de Techint y de Marcelo Mindlin de Pampa Energ\u00eda por el caso de los cuadernos alej\u00f3 a otros empresarios de un plan sin rumbo econ\u00f3mico.<\/p>\n","protected":false},"excerpt":{"rendered":"<p>Los empresarios m\u00e1s poderosos del pa\u00eds comenzaron a desandar algunas banderas en favor de los cambios impulsados por el Gobierno aunque evitaron hacerlo de manera p\u00fablica. El \u00faltimo de los funcionarios que m\u00e1s confianza les gener\u00f3, y al que le creyeron incluso a vista de un futuro complejo para la actividad econ\u00f3mica, fue el renunciante presidente del Banco Central, Luis Caputo. Ahora, les gan\u00f3 el desconcierto y sus an\u00e1lisis tienen mayor margen de error, seg\u00fan sus propias definiciones &nbsp; &nbsp; &nbsp; &nbsp; El lunes y durante las primeras horas de&#8230;<\/p>\n","protected":false},"author":3,"featured_media":33679,"comment_status":"closed","ping_status":"closed","sticky":false,"template":"","format":"standard","meta":[],"categories":[2],"tags":[],"_links":{"self":[{"href":"https:\/\/www.actualidadadiario.com\/index.php\/wp-json\/wp\/v2\/posts\/33678"}],"collection":[{"href":"https:\/\/www.actualidadadiario.com\/index.php\/wp-json\/wp\/v2\/posts"}],"about":[{"href":"https:\/\/www.actualidadadiario.com\/index.php\/wp-json\/wp\/v2\/types\/post"}],"author":[{"embeddable":true,"href":"https:\/\/www.actualidadadiario.com\/index.php\/wp-json\/wp\/v2\/users\/3"}],"replies":[{"embeddable":true,"href":"https:\/\/www.actualidadadiario.com\/index.php\/wp-json\/wp\/v2\/comments?post=33678"}],"version-history":[{"count":1,"href":"https:\/\/www.actualidadadiario.com\/index.php\/wp-json\/wp\/v2\/posts\/33678\/revisions"}],"predecessor-version":[{"id":33680,"href":"https:\/\/www.actualidadadiario.com\/index.php\/wp-json\/wp\/v2\/posts\/33678\/revisions\/33680"}],"wp:featuredmedia":[{"embeddable":true,"href":"https:\/\/www.actualidadadiario.com\/index.php\/wp-json\/wp\/v2\/media\/33679"}],"wp:attachment":[{"href":"https:\/\/www.actualidadadiario.com\/index.php\/wp-json\/wp\/v2\/media?parent=33678"}],"wp:term":[{"taxonomy":"category","embeddable":true,"href":"https:\/\/www.actualidadadiario.com\/index.php\/wp-json\/wp\/v2\/categories?post=33678"},{"taxonomy":"post_tag","embeddable":true,"href":"https:\/\/www.actualidadadiario.com\/index.php\/wp-json\/wp\/v2\/tags?post=33678"}],"curies":[{"name":"wp","href":"https:\/\/api.w.org\/{rel}","templated":true}]}}