{"id":33676,"date":"2018-09-26T10:22:33","date_gmt":"2018-09-26T13:22:33","guid":{"rendered":"https:\/\/www.actualidadadiario.com\/?p=33676"},"modified":"2018-11-06T19:37:04","modified_gmt":"2018-11-06T22:37:04","slug":"la-fuga-de-dolares-en-2018-apunta-a-ser-record","status":"publish","type":"post","link":"https:\/\/www.actualidadadiario.com\/index.php\/2018\/09\/26\/la-fuga-de-dolares-en-2018-apunta-a-ser-record\/","title":{"rendered":"La fuga de d\u00f3lares en 2018 apunta a ser r\u00e9cord"},"content":{"rendered":"<p><em><strong>Este a\u00f1o ya se fueron m\u00e1s d\u00f3lares que en todo 2017. Con u$s281 M superar\u00e1 a la crisis de 2008<\/strong><\/em><\/p>\n<p>&nbsp;<\/p>\n<p>&nbsp;<\/p>\n<p>&nbsp;<\/p>\n<p>&nbsp;<\/p>\n<p>La fuga acumulada del 2018 ya ara\u00f1a el r\u00e9cord hist\u00f3rico: sigui\u00f3 desbocada en agosto y durante ese mes lleg\u00f3 a un drenaje neto de d\u00f3lares de u$s2.790 millones. Directo al colch\u00f3n. El acumulado del a\u00f1o alcanz\u00f3 los u$s22.817 millones y ya est\u00e1 en el segundo puesto de toda la serie. Con s\u00f3lo 8 meses transcurridos, el 2018 ya super\u00f3 a la totalidad del 2017 y ya es un hecho que ser\u00e1 el a\u00f1o con mayor fuga de la historia: est\u00e1 a s\u00f3lo u$s281 millones de alcanzar a lo registrado durante la totalidad de 2008, el a\u00f1o de la gran crisis global.<\/p>\n<p>&nbsp;<\/p>\n<p>El tema gan\u00f3 mayor importancia con la salida del ahora ex presidente del BCRA Luis Caputo, en lo que muchos leyeron como una se\u00f1al de que el Fondo exigir\u00e1 que los d\u00f3lares desembolsados no se consuman en financiar a la fuga. &#8220;La visi\u00f3n del FMI frente a un desequilibrio externo es que el tipo de cambio haga su trabajo y que sea la oferta de d\u00f3lares del sector privado la que ponga el l\u00edmite y no el BCRA&#8221;, explic\u00f3 Mart\u00edn Redrado, quien era presidente del Banco Central durante la corrida de 2008.<\/p>\n<p>&nbsp;<\/p>\n<p>Hasta ac\u00e1, la devaluaci\u00f3n del tipo de cambio logr\u00f3 desacelerar la din\u00e1mica del rojo de cuenta corriente, que mide las transacciones por exportaciones e importaciones de servicios m\u00e1s los intereses de la deuda externa. Pero no logr\u00f3 frenar el insistente drenaje que se genera por la v\u00eda de la Formaci\u00f3n de Activos Externos (FAE), tambi\u00e9n conocida como fuga. A ese n\u00famero, adem\u00e1s, se le puede sumar la salida neta por u$s646 millones de las inversiones extranjeras para carry trade.<\/p>\n<p>&nbsp;<\/p>\n<p>Agosto transcurri\u00f3 casi entero con un d\u00f3lar en torno a $30 y sobre el final peg\u00f3 el salto abrupto hasta $40. Los n\u00fameros publicados ayer por el BCRA mostraron que la cuenta corriente dio un negativo de u$s396 millones. Bastante menor a los u$s1.156 millones que hab\u00eda dado julio. Ah\u00ed la cuenta bienes dio positiva en u$s594 millones y servicios un rojo de u$s689 millones. El ingreso primario, que suma a los intereses que va generando la deuda y a la remisi\u00f3n de utilidades de las trasnacionales, dio un negativo de u$s317 millones.<\/p>\n<p>&nbsp;<\/p>\n<p>Con todo, la devaluaci\u00f3n ya logr\u00f3 desacelerar el d\u00e9ficit de cuenta corriente pero no le puso freno a la fuga. Al respecto hay discusi\u00f3n: para algunos economistas existe un precio del d\u00f3lar que podr\u00eda alcanzar para frenarla. De tan caro ya los privados dejar\u00edan de comprar. Otros sostienen que cuanto m\u00e1s sube el d\u00f3lar, m\u00e1s ansias de compra genera. Y que en todo caso el l\u00edmite de un precio alto puede frenar a la FAE hasta que la inflaci\u00f3n haga el trabajo de ponerlo otra vez al alcance de la mano.<\/p>\n<p>&nbsp;<\/p>\n<p>El economista de la consultora ACM Guido Lorenzo, consider\u00f3 que existe ese precio pero que es mucho m\u00e1s alto. &#8220;Hay un valor en el que s\u00ed, se queda sin nafta, pero a este precio no, con el d\u00f3lar a $40 el resto del a\u00f1o del a\u00f1o va a seguir con fuga bien alta&#8221;, explic\u00f3.<\/p>\n<p>&nbsp;<\/p>\n<p>Redrado sostuvo: &#8220;Hay dos formas de frenar una crisis cambiaria. Con intervenci\u00f3n activa del BCRA, como hicimos nosotros, o esperar a que aparezca la oferta privada. La historia muestra que el Central tiene que liderar el proceso pero ese no es el camino elegido ahora. Ah\u00ed depender\u00e1 de la confianza que genere el programa con el FMI. Necesitamos ver la letra chica. Adelantar los desembolsos no ser\u00e1 se\u00f1al suficiente. Para generar confianza en el mercado ser\u00e1 necesario que haya una ampliaci\u00f3n mayor a los u$s5.000 millones de los que se habla&#8221;.<\/p>\n","protected":false},"excerpt":{"rendered":"<p>Este a\u00f1o ya se fueron m\u00e1s d\u00f3lares que en todo 2017. Con u$s281 M superar\u00e1 a la crisis de 2008 &nbsp; &nbsp; &nbsp; &nbsp; La fuga acumulada del 2018 ya ara\u00f1a el r\u00e9cord hist\u00f3rico: sigui\u00f3 desbocada en agosto y durante ese mes lleg\u00f3 a un drenaje neto de d\u00f3lares de u$s2.790 millones. Directo al colch\u00f3n. El acumulado del a\u00f1o alcanz\u00f3 los u$s22.817 millones y ya est\u00e1 en el segundo puesto de toda la serie. Con s\u00f3lo 8 meses transcurridos, el 2018 ya super\u00f3 a la totalidad del 2017 y ya&#8230;<\/p>\n","protected":false},"author":3,"featured_media":30389,"comment_status":"closed","ping_status":"closed","sticky":false,"template":"","format":"standard","meta":[],"categories":[9],"tags":[],"_links":{"self":[{"href":"https:\/\/www.actualidadadiario.com\/index.php\/wp-json\/wp\/v2\/posts\/33676"}],"collection":[{"href":"https:\/\/www.actualidadadiario.com\/index.php\/wp-json\/wp\/v2\/posts"}],"about":[{"href":"https:\/\/www.actualidadadiario.com\/index.php\/wp-json\/wp\/v2\/types\/post"}],"author":[{"embeddable":true,"href":"https:\/\/www.actualidadadiario.com\/index.php\/wp-json\/wp\/v2\/users\/3"}],"replies":[{"embeddable":true,"href":"https:\/\/www.actualidadadiario.com\/index.php\/wp-json\/wp\/v2\/comments?post=33676"}],"version-history":[{"count":1,"href":"https:\/\/www.actualidadadiario.com\/index.php\/wp-json\/wp\/v2\/posts\/33676\/revisions"}],"predecessor-version":[{"id":33677,"href":"https:\/\/www.actualidadadiario.com\/index.php\/wp-json\/wp\/v2\/posts\/33676\/revisions\/33677"}],"wp:featuredmedia":[{"embeddable":true,"href":"https:\/\/www.actualidadadiario.com\/index.php\/wp-json\/wp\/v2\/media\/30389"}],"wp:attachment":[{"href":"https:\/\/www.actualidadadiario.com\/index.php\/wp-json\/wp\/v2\/media?parent=33676"}],"wp:term":[{"taxonomy":"category","embeddable":true,"href":"https:\/\/www.actualidadadiario.com\/index.php\/wp-json\/wp\/v2\/categories?post=33676"},{"taxonomy":"post_tag","embeddable":true,"href":"https:\/\/www.actualidadadiario.com\/index.php\/wp-json\/wp\/v2\/tags?post=33676"}],"curies":[{"name":"wp","href":"https:\/\/api.w.org\/{rel}","templated":true}]}}