{"id":33669,"date":"2018-09-26T10:19:14","date_gmt":"2018-09-26T13:19:14","guid":{"rendered":"https:\/\/www.actualidadadiario.com\/?p=33669"},"modified":"2018-11-06T19:37:04","modified_gmt":"2018-11-06T22:37:04","slug":"en-20-dias-la-provincia-tiene-que-presentar-el-presupuesto-2019","status":"publish","type":"post","link":"https:\/\/www.actualidadadiario.com\/index.php\/2018\/09\/26\/en-20-dias-la-provincia-tiene-que-presentar-el-presupuesto-2019\/","title":{"rendered":"En 20 d\u00edas la Provincia tiene que presentar el presupuesto 2019"},"content":{"rendered":"<p><em><strong>El Poder Ejecutivo provincial deber\u00e1 remitir el 15 de octubre el c\u00e1lculo de ingresos y gasto para el a\u00f1o pr\u00f3ximo, de acuerdo a la normativa vigente. El proceso de elaboraci\u00f3n est\u00e1 en marcha y se encuentra en la etapa de an\u00e1lisis previo a la elaboraci\u00f3n del texto final. El ministro de Econom\u00eda, Hugo Ballay, asegur\u00f3 que existen variables del presupuesto provincial que dependen del nacional, que ma\u00f1ana tendr\u00e1 un d\u00eda clave con la presentaci\u00f3n que realizar\u00e1 en Diputados el ministro del Interior, Rogelio Frigerio<\/strong><\/em><\/p>\n<p>&nbsp;<\/p>\n<p>&nbsp;<\/p>\n<p>&nbsp;<\/p>\n<p>&nbsp;<\/p>\n<p>El lunes 15 de octubre es la fecha tope que fija la legislaci\u00f3n provincial para que el gobernador Gustavo Bordet remita a la Legislatura provincial el proyecto de presupuesto para el a\u00f1o 2019.<\/p>\n<p>&nbsp;<\/p>\n<p>El presupuesto es una estimaci\u00f3n formal que realiza el Gobierno de los recursos y gastos que habr\u00e1n de producirse. Constituye tambi\u00e9n la autorizaci\u00f3n del Poder Legislativo otorga a los Poderes del Estado para efectuar gastos. Asimismo, es el compromiso del poder p\u00fablico en relaci\u00f3n a usos y fuentes de recursos para financiar su actividad y se constituye en el principal indicador de la pol\u00edtica a seguir por parte del Gobierno en cuanto a la obtenci\u00f3n de ingresos y la realizaci\u00f3n de gastos, adem\u00e1s de determinar los costos de alcanzar ciertos objetivos en un plazo determinado.<\/p>\n<p>&nbsp;<\/p>\n<p>Seg\u00fan trascendidos, el cronograma para preparar el presupuesto provincial 2019 comenz\u00f3 a mediados de junio con el pedido de informaci\u00f3n a los distintos organismos p\u00fablicos sobre pol\u00edticas, recursos, estructuras program\u00e1ticas, objetivos y metas.<\/p>\n<p>&nbsp;<\/p>\n<p>Actualmente, y tras definirse en una instancia anterior el techo o tope presupuestario para cada programa y l\u00ednea de acci\u00f3n del Estado provincial y tambi\u00e9n la planta de personal y el gasto que implicar\u00e1, el Ministerio de Econom\u00eda est\u00e1 abocado al an\u00e1lisis de los anteproyectos y a la preparaci\u00f3n del articulado y del mensaje que Bordet enviar\u00e1 a los legisladores.<\/p>\n<p>&nbsp;<\/p>\n<p>Este documento ser\u00e1 presentado por Ballay al resto del Gabinete durante la semana pr\u00f3xima y, tras su aprobaci\u00f3n, se preparar\u00e1 un texto final que ingresar\u00e1 a la Legislatura.<\/p>\n<p>&nbsp;<\/p>\n<p>Cabe recordar que el presupuesto del a\u00f1o en curso estim\u00f3 ingresos por 91 mil millones de pesos y gastos por 96 mil millones.<\/p>\n<p>&nbsp;<\/p>\n<p>La elaboraci\u00f3n del presupuesto provincial est\u00e1 atada al presupuesto nacional, dado que existen supuestos de este \u00faltimo que influyen con fuerza en el primero.<\/p>\n<p>&nbsp;<\/p>\n<p>A comienzos de septiembre, el titular de la cartera de Econom\u00eda provincial adelant\u00f3 que para el armado definitivo del presupuesto provincial 2019, son necesarios par\u00e1metros que define la Naci\u00f3n: tipo de cambio, inflaci\u00f3n y tasa de crecimiento.<\/p>\n<p>&nbsp;<\/p>\n<p>En el proyecto enviado por el presidente Mauricio Macri hace 10 d\u00edas al Congreso, se prev\u00e9 un d\u00f3lar en torno a los $ 40, un crecimiento de precios del 23% y una ca\u00edda de la actividad del 0,5%. Estas proyecciones est\u00e1n siendo debatidas, junto con el resto del presupuesto, con la oposici\u00f3n en ambas c\u00e1maras y los gobernadores peronistas.<\/p>\n<p>&nbsp;<\/p>\n<p>Este mi\u00e9rcoles ser\u00e1 una jornada clave para estas negociaciones: el ministro del Interior, Rogelio Frigerio expondr\u00e1 en la comisi\u00f3n de Presupuesto y Hacienda de la C\u00e1mara de Diputados, que preside el oficialista Luciano Laspina y que integra el entrerriano Juan Jos\u00e9 Bahillo. Est\u00e1 previsto que, casi en paralelo, el Presidente Macri anuncie en Nueva York el nuevo acuerdo con el Fondo Monetario Internacional (FMI).<\/p>\n","protected":false},"excerpt":{"rendered":"<p>El Poder Ejecutivo provincial deber\u00e1 remitir el 15 de octubre el c\u00e1lculo de ingresos y gasto para el a\u00f1o pr\u00f3ximo, de acuerdo a la normativa vigente. El proceso de elaboraci\u00f3n est\u00e1 en marcha y se encuentra en la etapa de an\u00e1lisis previo a la elaboraci\u00f3n del texto final. El ministro de Econom\u00eda, Hugo Ballay, asegur\u00f3 que existen variables del presupuesto provincial que dependen del nacional, que ma\u00f1ana tendr\u00e1 un d\u00eda clave con la presentaci\u00f3n que realizar\u00e1 en Diputados el ministro del Interior, Rogelio Frigerio &nbsp; &nbsp; &nbsp; &nbsp; El lunes&#8230;<\/p>\n","protected":false},"author":3,"featured_media":13690,"comment_status":"closed","ping_status":"closed","sticky":false,"template":"","format":"standard","meta":[],"categories":[9],"tags":[],"_links":{"self":[{"href":"https:\/\/www.actualidadadiario.com\/index.php\/wp-json\/wp\/v2\/posts\/33669"}],"collection":[{"href":"https:\/\/www.actualidadadiario.com\/index.php\/wp-json\/wp\/v2\/posts"}],"about":[{"href":"https:\/\/www.actualidadadiario.com\/index.php\/wp-json\/wp\/v2\/types\/post"}],"author":[{"embeddable":true,"href":"https:\/\/www.actualidadadiario.com\/index.php\/wp-json\/wp\/v2\/users\/3"}],"replies":[{"embeddable":true,"href":"https:\/\/www.actualidadadiario.com\/index.php\/wp-json\/wp\/v2\/comments?post=33669"}],"version-history":[{"count":1,"href":"https:\/\/www.actualidadadiario.com\/index.php\/wp-json\/wp\/v2\/posts\/33669\/revisions"}],"predecessor-version":[{"id":33670,"href":"https:\/\/www.actualidadadiario.com\/index.php\/wp-json\/wp\/v2\/posts\/33669\/revisions\/33670"}],"wp:featuredmedia":[{"embeddable":true,"href":"https:\/\/www.actualidadadiario.com\/index.php\/wp-json\/wp\/v2\/media\/13690"}],"wp:attachment":[{"href":"https:\/\/www.actualidadadiario.com\/index.php\/wp-json\/wp\/v2\/media?parent=33669"}],"wp:term":[{"taxonomy":"category","embeddable":true,"href":"https:\/\/www.actualidadadiario.com\/index.php\/wp-json\/wp\/v2\/categories?post=33669"},{"taxonomy":"post_tag","embeddable":true,"href":"https:\/\/www.actualidadadiario.com\/index.php\/wp-json\/wp\/v2\/tags?post=33669"}],"curies":[{"name":"wp","href":"https:\/\/api.w.org\/{rel}","templated":true}]}}