{"id":33666,"date":"2018-09-26T10:18:24","date_gmt":"2018-09-26T13:18:24","guid":{"rendered":"https:\/\/www.actualidadadiario.com\/?p=33666"},"modified":"2018-11-06T19:37:04","modified_gmt":"2018-11-06T22:37:04","slug":"mas-de-2700-docentes-participaran-del-vi-congreso-de-educacion","status":"publish","type":"post","link":"https:\/\/www.actualidadadiario.com\/index.php\/2018\/09\/26\/mas-de-2700-docentes-participaran-del-vi-congreso-de-educacion\/","title":{"rendered":"M\u00e1s de 2700 docentes participar\u00e1n del VI Congreso de Educaci\u00f3n"},"content":{"rendered":"<p><em><strong>Este jueves y viernes en Concepci\u00f3n del Uruguay, m\u00e1s de 2700 docentes de todos los niveles y modalidades del sistema educativo participar\u00e1n del VI Congreso de Educaci\u00f3n: Posibilidad de alteridad (con) ciencia pedag\u00f3gica: Sujetos, contextos y trayectorias educativas. La singularidad en el aula<\/strong><\/em><\/p>\n<p>&nbsp;<\/p>\n<p>&nbsp;<\/p>\n<p>&nbsp;<\/p>\n<p>&nbsp;<\/p>\n<p>Organizado desde el a\u00f1o 2008, cada dos a\u00f1os, en Concepci\u00f3n del Uruguay por la Direcci\u00f3n de Educaci\u00f3n Especial del CGE, se ha transformado en una actividad de masivo inter\u00e9s del colectivo docente dado el nivel de los conferencistas que han acompa\u00f1ado en todos estos a\u00f1os cada propuesta.<\/p>\n<p>&nbsp;<\/p>\n<p>La presidenta del CGE, Marta Iraz\u00e1bal de Land\u00f3 celebro \u201cla realizaci\u00f3n del Congreso que dar\u00e1 posibilidades a los docentes de enriquecerse e intercambiar visiones y experiencias\u201d.<\/p>\n<p>&nbsp;<\/p>\n<p>Por otro lado, destac\u00f3 el inter\u00e9s de los docentes en capacitarse que \u201cuna vez m\u00e1s demuestran su dedicaci\u00f3n y compromiso por la educaci\u00f3n entrerriana\u201d.<\/p>\n<p>&nbsp;<\/p>\n<p>La directora de Educaci\u00f3n Especial, Viviana Rodr\u00edguez, precis\u00f3 que \u201cdesde hace varios meses, en un trabajo articulado con el intendente Jos\u00e9 Eduardo Lauritto, integrantes de su gabinete, integrantes de la Direcci\u00f3n Departamental de Escuelas y el equipo t\u00e9cnico de la Direcci\u00f3n venimos delineando los detalles organizativos para concretar un evento de trascendencia significativa para el \u00e1mbito educativo\u201d.<\/p>\n<p>&nbsp;<\/p>\n<p>Asimismo, record\u00f3 que \u201cla idea inicial de realizar este Congreso en el 2008 fue de la profesora Flavia Mena, quien se desempe\u00f1aba como titular de la Direcci\u00f3n de Educaci\u00f3n Especial en esos a\u00f1os y se ha mantenido en las distintas gestiones reformul\u00e1ndose la tem\u00e1tica y formato cada dos a\u00f1os; siempre en concordancia con l\u00edneas que son de inter\u00e9s y preocupaci\u00f3n de los docentes entrerrianos como aquellas a las que se apunta a fortalecer desde la pol\u00edtica educativa provincial\u201d.<\/p>\n<p>&nbsp;<\/p>\n<p>Rodr\u00edguez puntualiz\u00f3, que \u201cen esta sexta edici\u00f3n, que se concreta desde el Consejo General de Educaci\u00f3n, en articulaci\u00f3n con la Municipalidad de Concepci\u00f3n del Uruguay contar\u00e1 con los aportes de destacados profesionales\u201d.<\/p>\n<p>&nbsp;<\/p>\n<p>La inscripci\u00f3n est\u00e1 cerrada, por haberse completado la capacidad m\u00e1xima del Centro de Educaci\u00f3n F\u00edsica N\u00b0 3, donde se desarrollar\u00e1 el Congreso. El acto de apertura se realiza el 27, a las 9.<\/p>\n","protected":false},"excerpt":{"rendered":"<p>Este jueves y viernes en Concepci\u00f3n del Uruguay, m\u00e1s de 2700 docentes de todos los niveles y modalidades del sistema educativo participar\u00e1n del VI Congreso de Educaci\u00f3n: Posibilidad de alteridad (con) ciencia pedag\u00f3gica: Sujetos, contextos y trayectorias educativas. La singularidad en el aula &nbsp; &nbsp; &nbsp; &nbsp; Organizado desde el a\u00f1o 2008, cada dos a\u00f1os, en Concepci\u00f3n del Uruguay por la Direcci\u00f3n de Educaci\u00f3n Especial del CGE, se ha transformado en una actividad de masivo inter\u00e9s del colectivo docente dado el nivel de los conferencistas que han acompa\u00f1ado en todos&#8230;<\/p>\n","protected":false},"author":3,"featured_media":33667,"comment_status":"closed","ping_status":"closed","sticky":false,"template":"","format":"standard","meta":[],"categories":[15],"tags":[],"_links":{"self":[{"href":"https:\/\/www.actualidadadiario.com\/index.php\/wp-json\/wp\/v2\/posts\/33666"}],"collection":[{"href":"https:\/\/www.actualidadadiario.com\/index.php\/wp-json\/wp\/v2\/posts"}],"about":[{"href":"https:\/\/www.actualidadadiario.com\/index.php\/wp-json\/wp\/v2\/types\/post"}],"author":[{"embeddable":true,"href":"https:\/\/www.actualidadadiario.com\/index.php\/wp-json\/wp\/v2\/users\/3"}],"replies":[{"embeddable":true,"href":"https:\/\/www.actualidadadiario.com\/index.php\/wp-json\/wp\/v2\/comments?post=33666"}],"version-history":[{"count":1,"href":"https:\/\/www.actualidadadiario.com\/index.php\/wp-json\/wp\/v2\/posts\/33666\/revisions"}],"predecessor-version":[{"id":33668,"href":"https:\/\/www.actualidadadiario.com\/index.php\/wp-json\/wp\/v2\/posts\/33666\/revisions\/33668"}],"wp:featuredmedia":[{"embeddable":true,"href":"https:\/\/www.actualidadadiario.com\/index.php\/wp-json\/wp\/v2\/media\/33667"}],"wp:attachment":[{"href":"https:\/\/www.actualidadadiario.com\/index.php\/wp-json\/wp\/v2\/media?parent=33666"}],"wp:term":[{"taxonomy":"category","embeddable":true,"href":"https:\/\/www.actualidadadiario.com\/index.php\/wp-json\/wp\/v2\/categories?post=33666"},{"taxonomy":"post_tag","embeddable":true,"href":"https:\/\/www.actualidadadiario.com\/index.php\/wp-json\/wp\/v2\/tags?post=33666"}],"curies":[{"name":"wp","href":"https:\/\/api.w.org\/{rel}","templated":true}]}}