{"id":33661,"date":"2018-09-26T10:17:07","date_gmt":"2018-09-26T13:17:07","guid":{"rendered":"https:\/\/www.actualidadadiario.com\/?p=33661"},"modified":"2018-11-06T19:37:04","modified_gmt":"2018-11-06T22:37:04","slug":"el-trabajador-la-esta-pasando-muy-mal-admitio-el-gobernador","status":"publish","type":"post","link":"https:\/\/www.actualidadadiario.com\/index.php\/2018\/09\/26\/el-trabajador-la-esta-pasando-muy-mal-admitio-el-gobernador\/","title":{"rendered":"\u201cEl trabajador la est\u00e1 pasando muy mal\u201d, admiti\u00f3 el Gobernador"},"content":{"rendered":"<p><em><strong>El mandatario entrerriano se refiri\u00f3 as\u00ed a la huelga general que protagonizan hoy juntas, las centrales obreras del pa\u00eds: \u201cCuando se hace un paro, uno tiene que entender los motivos\u201d, dijo Gustavo Bordet y se declar\u00f3 \u201crespetuoso\u201d del derecho de huelga\u201d<\/strong><\/em><\/p>\n<p>&nbsp;<\/p>\n<p>&nbsp;<\/p>\n<p>&nbsp;<\/p>\n<p>\u201cYo respeto el derecho a huelga que es un derecho constitucional consagrado. Se puede estar de acuerdo o no, pero lo cierto es que tiene que ser respetado\u201d, afirm\u00f3 el gobernador entrerriano consultado por la jornada de paro general que vive el pa\u00eds.<\/p>\n<p>&nbsp;<\/p>\n<p>Sin dejar de reconocer \u201cel di\u00e1logo\u201d que tiene el Gobierno entrerriano con las organizaciones sindicales y los gremios de la administraci\u00f3n p\u00fablica, Gustavo Bordet sostuvo que \u201ccuando se hace un paro, uno tiene que entender los motivos\u201d.<\/p>\n<p>&nbsp;<\/p>\n<p>\u201cA veces la puja salarial queda muy atr\u00e1s con los efectos inflacionarios y hay que merituar todo, no verlo desde una sola parte sino en lo que le importa al trabajador que la verdad lo est\u00e1 pasando muy mal\u201d, admiti\u00f3 el mandatario entrerriano.<\/p>\n<p>&nbsp;<\/p>\n<p>En el marco de la firma de contratos de obras de agua y saneamiento con municipios de la provincia, Bordet fue consultado tambi\u00e9n por la renuncia de Nicol\u00e1s Caputo al gabinete nacional como presidente del Banco Central.<\/p>\n<p>&nbsp;<\/p>\n<p>\u201cPreocupa que haya muchos vaivenes e indefinici\u00f3n en el manejo del Banco Central que es clave porque le da previsibilidad a las finanzas p\u00fablicas; as\u00ed que estamos con la misma expectativa que tiene buena parte de la poblaci\u00f3n\u201d, se\u00f1al\u00f3.<\/p>\n<p>&nbsp;<\/p>\n<p>En este sentido, consider\u00f3 que tal como pidieron los sindicatos ayer durante la marcha en Paran\u00e1, \u201ctiene que haber un cambio en la pol\u00edtica econ\u00f3mica, claramente porque no podemos tener tasas de inter\u00e9s a un 50 por ciento que desalientan la inversi\u00f3n; nadie va a venir a invertir con tasas de 50 por ciento; hay que salir r\u00e1pidamente de una coyuntura financiera que hace m\u00e1s rentable lo especulativo que lo productivo\u201d, realz\u00f3.<\/p>\n","protected":false},"excerpt":{"rendered":"<p>El mandatario entrerriano se refiri\u00f3 as\u00ed a la huelga general que protagonizan hoy juntas, las centrales obreras del pa\u00eds: \u201cCuando se hace un paro, uno tiene que entender los motivos\u201d, dijo Gustavo Bordet y se declar\u00f3 \u201crespetuoso\u201d del derecho de huelga\u201d &nbsp; &nbsp; &nbsp; \u201cYo respeto el derecho a huelga que es un derecho constitucional consagrado. Se puede estar de acuerdo o no, pero lo cierto es que tiene que ser respetado\u201d, afirm\u00f3 el gobernador entrerriano consultado por la jornada de paro general que vive el pa\u00eds. &nbsp; Sin dejar&#8230;<\/p>\n","protected":false},"author":3,"featured_media":22515,"comment_status":"closed","ping_status":"closed","sticky":false,"template":"","format":"standard","meta":[],"categories":[9],"tags":[],"_links":{"self":[{"href":"https:\/\/www.actualidadadiario.com\/index.php\/wp-json\/wp\/v2\/posts\/33661"}],"collection":[{"href":"https:\/\/www.actualidadadiario.com\/index.php\/wp-json\/wp\/v2\/posts"}],"about":[{"href":"https:\/\/www.actualidadadiario.com\/index.php\/wp-json\/wp\/v2\/types\/post"}],"author":[{"embeddable":true,"href":"https:\/\/www.actualidadadiario.com\/index.php\/wp-json\/wp\/v2\/users\/3"}],"replies":[{"embeddable":true,"href":"https:\/\/www.actualidadadiario.com\/index.php\/wp-json\/wp\/v2\/comments?post=33661"}],"version-history":[{"count":1,"href":"https:\/\/www.actualidadadiario.com\/index.php\/wp-json\/wp\/v2\/posts\/33661\/revisions"}],"predecessor-version":[{"id":33662,"href":"https:\/\/www.actualidadadiario.com\/index.php\/wp-json\/wp\/v2\/posts\/33661\/revisions\/33662"}],"wp:featuredmedia":[{"embeddable":true,"href":"https:\/\/www.actualidadadiario.com\/index.php\/wp-json\/wp\/v2\/media\/22515"}],"wp:attachment":[{"href":"https:\/\/www.actualidadadiario.com\/index.php\/wp-json\/wp\/v2\/media?parent=33661"}],"wp:term":[{"taxonomy":"category","embeddable":true,"href":"https:\/\/www.actualidadadiario.com\/index.php\/wp-json\/wp\/v2\/categories?post=33661"},{"taxonomy":"post_tag","embeddable":true,"href":"https:\/\/www.actualidadadiario.com\/index.php\/wp-json\/wp\/v2\/tags?post=33661"}],"curies":[{"name":"wp","href":"https:\/\/api.w.org\/{rel}","templated":true}]}}