{"id":33658,"date":"2018-09-26T10:16:27","date_gmt":"2018-09-26T13:16:27","guid":{"rendered":"https:\/\/www.actualidadadiario.com\/?p=33658"},"modified":"2018-11-06T19:37:04","modified_gmt":"2018-11-06T22:37:04","slug":"gabas-reconocio-que-hay-una-situacion-delicada-a-nivel-productivo","status":"publish","type":"post","link":"https:\/\/www.actualidadadiario.com\/index.php\/2018\/09\/26\/gabas-reconocio-que-hay-una-situacion-delicada-a-nivel-productivo\/","title":{"rendered":"Gab\u00e1s reconoci\u00f3 que \u201chay una situaci\u00f3n delicada a nivel productivo\u201d"},"content":{"rendered":"<p><em><strong>El secretario de la Producci\u00f3n de Entre R\u00edos, \u00c1lvaro Gab\u00e1s, dijo que la crisis econ\u00f3mica y financiera afecta al sector productivo y dese\u00f3 \u201cun horizonte m\u00e1s estable, con mayor certidumbre\u201d. Asegur\u00f3 que la Provincia ha hecho un \u201cgran esfuerzo\u201d para acompa\u00f1ar a los productores tras el aumento de la tarifa el\u00e9ctrica, que afect\u00f3 fundamentalmente a los arroceros, y \u201cno hay una reciprocidad del gobierno nacional\u201d<\/strong><\/em><\/p>\n<p>&nbsp;<\/p>\n<p>&nbsp;<\/p>\n<p>&nbsp;<\/p>\n<p>El Secretario de la Producci\u00f3n present\u00f3 este martes un informe sobre la pol\u00edtica productiva del \u00e1rea, a mediano y largo plazo y tambi\u00e9n sobre la coyuntura, signada por la peor crisis de sequ\u00eda de los \u00faltimos 50 a\u00f1os. Tambi\u00e9n expuso sobre la pol\u00edtica de distribuci\u00f3n de la renta planteada al interior de la Secretar\u00eda y la gesti\u00f3n y transparencia a nivel administrativo.<\/p>\n<p>&nbsp;<\/p>\n<p>En di\u00e1logo con la prensa, hizo un an\u00e1lisis de la realidad nacional y las variables macro fiscales que plantea el gobierno nacional, y admiti\u00f3: \u201cEstamos atravesando una crisis econ\u00f3mica y financiera donde hay una situaci\u00f3n delicada a nivel productivo y l\u00f3gicamente tiene un impacto en la provincia, que esperamos se pueda mejorar, que tengamos un horizonte m\u00e1s estable, con mayor certidumbre y con una pol\u00edtica monetaria, cambiaria y fiscal que fomente la inversi\u00f3n\u201d.<\/p>\n<p>&nbsp;<\/p>\n<p>Reconoci\u00f3 que \u201choy estamos en una tasa muy alta y los productores agropecuarios de todo el pa\u00eds y obviamente de Entre R\u00edos tambi\u00e9n no tienen la posibilidad de acceder al cr\u00e9dito. Adem\u00e1s vemos que hay una ca\u00edda del consumo interno muy fuerte y esto tambi\u00e9n tiene un impacto no s\u00f3lo en la actividad primaria, sino secundaria y terciaria\u201d, agreg\u00f3.<\/p>\n<p>&nbsp;<\/p>\n<p>Gab\u00e1s admiti\u00f3 que el sector m\u00e1s beneficiado con las pol\u00edticas actuales es el \u201cagro-exportador, exportador o el que tiene bienes transables con el exterior\u201d, debido a la depreciaci\u00f3n del tipo de cambio.<\/p>\n<p>&nbsp;<\/p>\n<p>Mientras que \u201clos sectores m\u00e1s perjudicados, sacando la sequ\u00eda que afect\u00f3 a toda la actividad primaria, son el arrocero y lechero\u201d, este \u00faltimo con un proceso de regresi\u00f3n o de ca\u00edda de la producci\u00f3n estructural. En este punto, aclar\u00f3 que la provincia no tiene \u201cning\u00fan tipo de posibilidad de corregir el aumento de las tarifas p\u00fablicas o de los insumos\u201d, que corresponde al gobierno nacional.<\/p>\n<p>&nbsp;<\/p>\n<p>Incluso record\u00f3 que \u201cal sector arrocero hemos subsidiado dos veces la energ\u00eda el\u00e9ctrica, y consideramos que el Gobierno provincial ha hecho un gran esfuerzo y no hay una reciprocidad del gobierno nacional, que es quien fija la tarifa y no ha dado una respuesta a ning\u00fan sector productivo y tampoco al arrocero\u201d, dijo.<\/p>\n<p>&nbsp;<\/p>\n<p>Tambi\u00e9n explic\u00f3 que Entre R\u00edos fue \u201cla primera provincia en declarar la emergencia agropecuaria, la primera en diferir el impuesto inmobiliario, la primera en plantear un sistema de herramientas financieras para el sector productivo. Ahora se plante\u00f3 al sector industrial y productivo darle un paliativo, estudiar alg\u00fan tipo de herramienta para sortear esta situaci\u00f3n, pero todav\u00eda est\u00e1 en estudio\u201d.<\/p>\n","protected":false},"excerpt":{"rendered":"<p>El secretario de la Producci\u00f3n de Entre R\u00edos, \u00c1lvaro Gab\u00e1s, dijo que la crisis econ\u00f3mica y financiera afecta al sector productivo y dese\u00f3 \u201cun horizonte m\u00e1s estable, con mayor certidumbre\u201d. Asegur\u00f3 que la Provincia ha hecho un \u201cgran esfuerzo\u201d para acompa\u00f1ar a los productores tras el aumento de la tarifa el\u00e9ctrica, que afect\u00f3 fundamentalmente a los arroceros, y \u201cno hay una reciprocidad del gobierno nacional\u201d &nbsp; &nbsp; &nbsp; El Secretario de la Producci\u00f3n present\u00f3 este martes un informe sobre la pol\u00edtica productiva del \u00e1rea, a mediano y largo plazo y&#8230;<\/p>\n","protected":false},"author":3,"featured_media":33659,"comment_status":"closed","ping_status":"closed","sticky":false,"template":"","format":"standard","meta":[],"categories":[15],"tags":[],"_links":{"self":[{"href":"https:\/\/www.actualidadadiario.com\/index.php\/wp-json\/wp\/v2\/posts\/33658"}],"collection":[{"href":"https:\/\/www.actualidadadiario.com\/index.php\/wp-json\/wp\/v2\/posts"}],"about":[{"href":"https:\/\/www.actualidadadiario.com\/index.php\/wp-json\/wp\/v2\/types\/post"}],"author":[{"embeddable":true,"href":"https:\/\/www.actualidadadiario.com\/index.php\/wp-json\/wp\/v2\/users\/3"}],"replies":[{"embeddable":true,"href":"https:\/\/www.actualidadadiario.com\/index.php\/wp-json\/wp\/v2\/comments?post=33658"}],"version-history":[{"count":1,"href":"https:\/\/www.actualidadadiario.com\/index.php\/wp-json\/wp\/v2\/posts\/33658\/revisions"}],"predecessor-version":[{"id":33660,"href":"https:\/\/www.actualidadadiario.com\/index.php\/wp-json\/wp\/v2\/posts\/33658\/revisions\/33660"}],"wp:featuredmedia":[{"embeddable":true,"href":"https:\/\/www.actualidadadiario.com\/index.php\/wp-json\/wp\/v2\/media\/33659"}],"wp:attachment":[{"href":"https:\/\/www.actualidadadiario.com\/index.php\/wp-json\/wp\/v2\/media?parent=33658"}],"wp:term":[{"taxonomy":"category","embeddable":true,"href":"https:\/\/www.actualidadadiario.com\/index.php\/wp-json\/wp\/v2\/categories?post=33658"},{"taxonomy":"post_tag","embeddable":true,"href":"https:\/\/www.actualidadadiario.com\/index.php\/wp-json\/wp\/v2\/tags?post=33658"}],"curies":[{"name":"wp","href":"https:\/\/api.w.org\/{rel}","templated":true}]}}