{"id":33655,"date":"2018-09-26T10:15:48","date_gmt":"2018-09-26T13:15:48","guid":{"rendered":"https:\/\/www.actualidadadiario.com\/?p=33655"},"modified":"2018-11-06T19:37:04","modified_gmt":"2018-11-06T22:37:04","slug":"destacan-el-compromiso-de-bordet-en-la-distribucion-de-obras-para-toda-la-provincia","status":"publish","type":"post","link":"https:\/\/www.actualidadadiario.com\/index.php\/2018\/09\/26\/destacan-el-compromiso-de-bordet-en-la-distribucion-de-obras-para-toda-la-provincia\/","title":{"rendered":"Destacan el compromiso de Bordet en la distribuci\u00f3n de obras para toda la provincia"},"content":{"rendered":"<p><em><strong>El gobernador Gustavo Bordet analiz\u00f3 este martes con los senadores de Cambiemos el proyecto que redirecciona financiamiento internacional para obras de infraestructura y saneamiento, ya sancionado por la c\u00e1mara de diputados. Los legisladores destacaron la apertura y el compromiso del mandatario<\/strong><\/em><\/p>\n<p>&nbsp;<\/p>\n<p>&nbsp;<\/p>\n<p>&nbsp;<\/p>\n<p>&nbsp;<\/p>\n<p>Fue durante una reuni\u00f3n que mantuvo este martes con los senadores en el Centro Provincial de Convenciones.<\/p>\n<p>&nbsp;<\/p>\n<p>Bordet, junto al ministro de Econom\u00eda, Hugo Ballay; y el secretario General de la Gobernaci\u00f3n, Edgardo Kueider, tuvo una reuni\u00f3n de trabajo con los senadores de Victoria, Roque Ram\u00f3n Ferrari; de Paran\u00e1, Raymundo Arturo Kisser; de Nogoy\u00e1, Beltr\u00e1n Alberto Lora; de Gualeguaych\u00fa, Nicol\u00e1s Mattiauda; de Gualeguay, Francisco Alejandro Morchio; de Federaci\u00f3n, MIguel David Piana; y de Diamante, Rogelio Omar Schild.<\/p>\n<p>&nbsp;<\/p>\n<p>Al respecto, el gobernador Gustavo Bordet indic\u00f3 que se reuni\u00f3 con el bloque de Senadores de Cambiemos \u201cporque la semana que viene se tratar\u00e1 un proyecto de redireccionamiento del endeudamiento\u201d y explic\u00f3 que \u201cno es nuevo endeudamiento, es lo que ten\u00edamos autorizado que estaba s\u00f3lo para una obra y solamente para un banco, que se contrataba directamente. Lo que hacemos ahora es mantener esa obra que se quer\u00eda hacer y al excedente adjudicarlo a otro tipo de obras y ampliar el objetivo de las mismas, tambi\u00e9n con los organismos de cr\u00e9dito para tomar\u201d, detall\u00f3.<\/p>\n<p>&nbsp;<\/p>\n<p>\u201cEsto se har\u00e1, como lo hacemos en nuestra administraci\u00f3n, con el debido proceso licitatorio y de acuerdo a las normas de contrataci\u00f3n y la Ley de Contabilidad de la provincia. Lo que se hace es cambiar el objetivo\u201d, insisti\u00f3.<\/p>\n<p>&nbsp;<\/p>\n<p>Por su parte, el presidente del Bloque, el senador por el departamento Gualeguay, Francisco Morchio, destac\u00f3 \u201cla apertura que tuvo el gobernador al hacernos partes parte de una mesa en la que se discutir\u00e1 el destino\u201d una vez que se apruebe la b\u00fasqueda de financiamiento internacional para la provincia.<\/p>\n<p>&nbsp;<\/p>\n<p>Consultado sobre el destino de los recursos, el legislador precis\u00f3 que &#8220;hay un porci\u00f3n que ya tiene proyectos asignados y nos parece prudente el destino que tienen, y hay una porci\u00f3n que a\u00fan no est\u00e1 asignada y ah\u00ed, con la apertura que tuvo el gobernador en la discusi\u00f3n con nosotros de hacernos parte de una mesa en la que se discutir\u00e1 el destino&#8221;, detall\u00f3.<\/p>\n<p>&nbsp;<\/p>\n<p>\u201cEsta reuni\u00f3n con el gobernador sirve para ver qu\u00e9 destino tendr\u00e1n esos fondos y c\u00f3mo se implementar\u00e1\u201d, y remarc\u00f3 que \u201cencontramos el compromiso y la apertura del gobernador de tener muy en cuenta nuestros departamentos en el destino de obras. Eso es lo m\u00e1s positivo y lo que resaltamos de esta reuni\u00f3n\u201d.<\/p>\n<p>&nbsp;<\/p>\n<p>\u201cCada departamento de los que integramos este bloque ser\u00e1 tenido en cuenta en el destino de esos fondos porque es lo que le interesa al gobernador. Ac\u00e1 no hay gente de un partido ni del otro, sino entrerrianos que est\u00e1n necesitando obras y en eso tenemos que trabajar juntos&#8221;, asegur\u00f3.<\/p>\n<p>&nbsp;<\/p>\n<p>&#8220;Si bien tenemos contacto con el ministro de Econom\u00eda, esta reuni\u00f3n con el gobernador sirve para ver qu\u00e9 destino tendr\u00e1n esos fondos y c\u00f3mo se implementar\u00e1&#8221;, insisti\u00f3.<\/p>\n<p>&nbsp;<\/p>\n<p>En otro orden, el senador por Gualeguay sostuvo: &#8220;Nos preocupa mucho la regi\u00f3n Centro, y particularmente a cada senador le preocupa su departamento. En eso encontramos el compromiso y la apertura del gobernador de tener muy en cuenta nuestro departamento en el destino de obras. Eso es lo m\u00e1s positivo y lo que resaltamos de esta reuni\u00f3n&#8221;, remarc\u00f3.<\/p>\n","protected":false},"excerpt":{"rendered":"<p>El gobernador Gustavo Bordet analiz\u00f3 este martes con los senadores de Cambiemos el proyecto que redirecciona financiamiento internacional para obras de infraestructura y saneamiento, ya sancionado por la c\u00e1mara de diputados. Los legisladores destacaron la apertura y el compromiso del mandatario &nbsp; &nbsp; &nbsp; &nbsp; Fue durante una reuni\u00f3n que mantuvo este martes con los senadores en el Centro Provincial de Convenciones. &nbsp; Bordet, junto al ministro de Econom\u00eda, Hugo Ballay; y el secretario General de la Gobernaci\u00f3n, Edgardo Kueider, tuvo una reuni\u00f3n de trabajo con los senadores de Victoria,&#8230;<\/p>\n","protected":false},"author":3,"featured_media":33656,"comment_status":"closed","ping_status":"closed","sticky":false,"template":"","format":"standard","meta":[],"categories":[15],"tags":[],"_links":{"self":[{"href":"https:\/\/www.actualidadadiario.com\/index.php\/wp-json\/wp\/v2\/posts\/33655"}],"collection":[{"href":"https:\/\/www.actualidadadiario.com\/index.php\/wp-json\/wp\/v2\/posts"}],"about":[{"href":"https:\/\/www.actualidadadiario.com\/index.php\/wp-json\/wp\/v2\/types\/post"}],"author":[{"embeddable":true,"href":"https:\/\/www.actualidadadiario.com\/index.php\/wp-json\/wp\/v2\/users\/3"}],"replies":[{"embeddable":true,"href":"https:\/\/www.actualidadadiario.com\/index.php\/wp-json\/wp\/v2\/comments?post=33655"}],"version-history":[{"count":1,"href":"https:\/\/www.actualidadadiario.com\/index.php\/wp-json\/wp\/v2\/posts\/33655\/revisions"}],"predecessor-version":[{"id":33657,"href":"https:\/\/www.actualidadadiario.com\/index.php\/wp-json\/wp\/v2\/posts\/33655\/revisions\/33657"}],"wp:featuredmedia":[{"embeddable":true,"href":"https:\/\/www.actualidadadiario.com\/index.php\/wp-json\/wp\/v2\/media\/33656"}],"wp:attachment":[{"href":"https:\/\/www.actualidadadiario.com\/index.php\/wp-json\/wp\/v2\/media?parent=33655"}],"wp:term":[{"taxonomy":"category","embeddable":true,"href":"https:\/\/www.actualidadadiario.com\/index.php\/wp-json\/wp\/v2\/categories?post=33655"},{"taxonomy":"post_tag","embeddable":true,"href":"https:\/\/www.actualidadadiario.com\/index.php\/wp-json\/wp\/v2\/tags?post=33655"}],"curies":[{"name":"wp","href":"https:\/\/api.w.org\/{rel}","templated":true}]}}