{"id":33652,"date":"2018-09-26T10:15:02","date_gmt":"2018-09-26T13:15:02","guid":{"rendered":"https:\/\/www.actualidadadiario.com\/?p=33652"},"modified":"2018-11-06T19:37:09","modified_gmt":"2018-11-06T22:37:09","slug":"no-se-puede-realizar-un-ajuste-presupuestario-sobre-salarios-jubilaciones-o-gasto-social-afirmo-bordet","status":"publish","type":"post","link":"https:\/\/www.actualidadadiario.com\/index.php\/2018\/09\/26\/no-se-puede-realizar-un-ajuste-presupuestario-sobre-salarios-jubilaciones-o-gasto-social-afirmo-bordet\/","title":{"rendered":"\u201cNo se puede realizar un ajuste presupuestario sobre salarios, jubilaciones o gasto social\u201d, afirm\u00f3 Bordet"},"content":{"rendered":"<p><em><strong>\u201cHay que salir r\u00e1pidamente de esta coyuntura financiera que en el pa\u00eds hace que hoy sea m\u00e1s rentable lo especulativo por sobre lo productivo, y para ello se deben tener pol\u00edticas p\u00fablicas que propendan a ese objetivo\u201d, expres\u00f3 este martes el gobernador Gustavo Bordet<\/strong><\/em><\/p>\n<p>&nbsp;<\/p>\n<p>&nbsp;<\/p>\n<p>&nbsp;<\/p>\n<p>&nbsp;<\/p>\n<p>\u201cNo se puede realizar un ajuste presupuestario sobre salarios, jubilaciones o gasto social. A las econom\u00edas hay que hacerlas por otro lado\u201d, sostuvo el mandatario consultado por la prensa durante la firma de contratos de inicio de obras por 47,5 millones de pesos para cinco localidades entrerrianas.<\/p>\n<p>&nbsp;<\/p>\n<p>\u201cTiene que haber un cambio porque no podemos tener tasas de inter\u00e9s de un 50 por ciento que desalientan la inversi\u00f3n\u201d, y agreg\u00f3: \u201cnadie va a venir a invertir con las tasas del 50 por ciento\u201d.<\/p>\n<p>&nbsp;<\/p>\n<p>Por otra parte, el mandatario se refiri\u00f3 a las jornadas de paro que desarrollan las centrales obreras en todo el pa\u00eds: \u201crespeto el derecho a huelga\u201d, record\u00f3 y ratific\u00f3 que \u201cen Entre R\u00edos tenemos pleno di\u00e1logo. Estamos hablando con todas las organizaciones gremiales, tanto con la CGT, con los gremios de la administraci\u00f3n p\u00fablica\u201d.<\/p>\n<p>&nbsp;<\/p>\n<p>En ese marco, Bordet aclar\u00f3 que \u201ccuando se hace un paro uno tiene que entender tambi\u00e9n los motivos\u201d, y que \u201cen la puja, los salarios quedan muy atr\u00e1s por el efecto inflacionario\u201d. \u201cHay que merituar todos los aspectos, no hay que verlo s\u00f3lo de una parte\u201d, resalt\u00f3 y puso especial \u00e9nfasis en atender \u201clo que le importa al trabajador, que la est\u00e1 pasando muy mal\u201d.<\/p>\n<p>&nbsp;<\/p>\n<p>&nbsp;<\/p>\n<p><strong>Cinco obras y m\u00e1s transparencia <\/strong><\/p>\n<p>Durante el acto que se desarroll\u00f3 este martes en el Centro Provincial de Convenciones, Bordet firm\u00f3 los respectivos contratos para el inicio de cinco obras que, sumadas, representan una inversi\u00f3n de 47,5 millones de pesos. \u201cQueremos dar cumplimiento al presupuesto 2018 en todas las etapas presupuestarias\u201d, subray\u00f3.<\/p>\n<p>&nbsp;<\/p>\n<p>\u201cAlcanzamos el equilibrio haciendo las obras que estaban prometidas y, adem\u00e1s, cumpliendo con la contenci\u00f3n sociosanitaria de la poblaci\u00f3n porque aumentamos las partidas\u201d, destac\u00f3 el mandatario entrerriano.<\/p>\n<p>&nbsp;<\/p>\n<p>Tambi\u00e9n, en ese marco, resalt\u00f3 que \u201ccumpliendo con el principio de transparencia y las normas legales\u201d se abrieron los registros para que todos se puedan presentar a las licitaciones, \u201cy que se pueda competir libremente\u201d.<\/p>\n<p>&nbsp;<\/p>\n<p>\u201cLos intendentes y presidente de juntas de gobierno trabajar\u00e1n junto con las empresas, controlar\u00e1n que se hagan los trabajos y cooperando con todo lo que sea necesario para llegar a la concreci\u00f3n de la obra&#8221;, revel\u00f3 Bordet.<\/p>\n<p>&nbsp;<\/p>\n<p>Adem\u00e1s, destac\u00f3 el trabajo con los municipios, juntas de gobierno y la Naci\u00f3n &#8220;para poder llevar adelante obras que son sumamente necesarias\u201d, porque \u201csignifican calidad de vida\u201d.<\/p>\n<p>&nbsp;<\/p>\n<p>Entre las obras que se iniciaran se encuentra la reestructuraci\u00f3n y puesta en valor de la fachada de Casa de Gobierno; la extensi\u00f3n de redes cloacales de San V\u00edctor, en Feliciano, y en el barrio Villa Adela de Concordia; la reestructuraci\u00f3n y ampliaci\u00f3n del centro de salud Teniente Ib\u00e1\u00f1ez, de Villa Urquiza; y la alcantarilla en acceso a Rinc\u00f3n del Doll, en el departamento Victoria.<\/p>\n<p>&nbsp;<\/p>\n<p>Acompa\u00f1aron a Bordet los ministros de Econom\u00eda, Hugo Ballay; de Gobierno, Rosario Romero; de Planeamiento, Luis Benedetto; y de Desarrollo Social, Laura Stratta. Adem\u00e1s, estuvieron presentes los senadores provinciales, Miriam Espinoza, Raymundo Kisser y Roque Ferrari; los diputados provinciales, Rub\u00e9n V\u00e1zquez, Alejandro Bahler, Ester Gonz\u00e1lez y Juan Navarro. As\u00ed como tambi\u00e9n el intendente de Villa Urquiza, Alberto Gastiazoro; los presidentes de las juntas de Gobierno de San V\u00edctor, Gloria Villarroel; y de Rinc\u00f3n del Doll, Roque Torroglosa Gonz\u00e1lez.<\/p>\n<p>&nbsp;<\/p>\n<p>&nbsp;<\/p>\n<p><strong>Caracter\u00edstica de las obras <\/strong><\/p>\n<p><strong>Extensi\u00f3n Red Cloacal, San V\u00edctor:<\/strong> la obra tiene un monto de inversi\u00f3n de 3.914.572 pesos que se financiar\u00e1n con fondos del tesoro provincial. La empresa adjudicataria es Conkret y tiene un plazo de ejecuci\u00f3n de 180 d\u00edas corridos. Los trabajos comprenden la colocaci\u00f3n de ca\u00f1er\u00eda cloacal y construcci\u00f3n de tratamiento por filtro biol\u00f3gico.<\/p>\n<p>&nbsp;<\/p>\n<p><strong>Extensi\u00f3n Red Cloacal, barrio Villa Adela, en Concordia:<\/strong> se trata de una inversi\u00f3n de 2.842.204 pesos que se financiar\u00e1n con fondos del tesoro provincial. La empresa adjudicada es Conkret y el plazo de ejecuci\u00f3n es de 150 d\u00edas corridos. La obra comprende la ampliaci\u00f3n del colector cloacal Nexo Sur, del barrio Villa Adela.<\/p>\n<p>&nbsp;<\/p>\n<p><strong>Reestructuraci\u00f3n y Ampliaci\u00f3n del Centro de Salud Teniente Ib\u00e1\u00f1ez, de Villa Urquiza, departamento Paran\u00e1:<\/strong> El monto del contrato es de 7.242.629 pesos a financiar con fondos del tesoro provincial. La empresa adjudicada es Indag y el plazo de ejecuci\u00f3n de 300 d\u00edas corridos. En materia de reestructuraci\u00f3n, se reubicar\u00e1n funciones que permitan garantizar locales para tareas de ingreso, farmacia, consultorio ginecol\u00f3gico acompa\u00f1ado de sanitario propio y consultorios odontol\u00f3gico, cl\u00ednico y psicol\u00f3gico. Asimismo, se reemplazar\u00e1 el techo existente por una nueva cubierta de chapas, al igual que el cielorraso de. Respecto a las tareas de ampliaci\u00f3n, se realizar\u00e1n hacia ambos lados del pasillo central, ubic\u00e1ndose al frente un ingreso semicubierto apto para ambulancias, sala de espera, enfermer\u00eda y vacunatorio. En el extremo posterior se construir\u00e1n un consultorio para pediatr\u00eda, sanitarios adecuados al p\u00fablico y deposito.Todos los sectores ser\u00e1n provistos de instalaciones el\u00e9ctricas y de gas acordes a las necesidades y normas vigentes y se equipar\u00e1n con sistema para incendios y se\u00f1al\u00e9tica. La superficie a ampliar es de 120 metros cuadrados.<\/p>\n<p>&nbsp;<\/p>\n<p><strong>Restauraci\u00f3n y Puesta en Valor Fachada Casa de Gobierno, Paran\u00e1:<\/strong> El monto del contrato es de 17.907.730 pesos a financiar con fondos del tesoro provincial. La empresa adjudicada es Ingeniero \u00c1ngel Luis Moia y el plazo de ejecuci\u00f3n de 365 d\u00edas corridos. Los trabajos comprenden la intervenci\u00f3n integral de la totalidad de la superficie envolvente sobre calle De la Puente, comprendiendo almohadillados, columnas adosadas, frisos, comisas, molduras y dentillones, que recibir\u00e1n el mismo tratamiento y acabado superficial que el existente. Asimismo, los cristales del reloj, mediante un proceso especial de restauraci\u00f3n, recobrar\u00e1n su antiguo esplendor. Los antepechos y alfeizares de m\u00e1rmol ser\u00e1n reparados o sustituidos, seg\u00fan su estado de conservaci\u00f3n y pulidos a textura espejo; y se recuperar\u00e1 la carpinter\u00eda reponiendo piezas de madera, vidrios y herrajes para dejarlas en perfecto estado de funcionamiento. Los pisos y contrapisos de las veredas perimetrales se reemplazar\u00e1n ajustando su desempe\u00f1o a las nuevas exigencias funcionales y a la normativa de accesibilidad; y se restaurar\u00e1n los umbrales en la escalinata de ingreso principal. Adem\u00e1s, se sustituir\u00e1n los desag\u00fces pluviales y se instalar\u00e1 un sistema de iluminaci\u00f3n exterior con una nueva propuesta conceptual, destacando las \u00e1reas arquitect\u00f3nicamente m\u00e1s relevantes. Para ello se incorporar\u00e1n los \u00faltimos avances tecnol\u00f3gicos, asegur\u00e1ndose de este modo el mayor rendimiento lum\u00ednico, el menor consumo energ\u00e9tico posible, la m\u00e1xima duraci\u00f3n y el m\u00ednimo costo de mantenimiento.<\/p>\n<p>&nbsp;<\/p>\n<p><strong>Alcantarilla en acceso a Rinc\u00f3n del Doll:<\/strong> El monto del contrato es de 17.907.730 pesos y la empresa adjudicada es Organizaci\u00f3n Industrial Construcciones SA. Se prev\u00e9 la ejecuci\u00f3n de la obra b\u00e1sica y obras de arte en un tramo de 800 metros de longitud. Adem\u00e1s se construir\u00e1n alcantarillas laterales de ca\u00f1o de hormig\u00f3n, se colocar\u00e1n barandas met\u00e1licas, cunetas revestidas y se\u00f1alizaci\u00f3n vertical. Tambi\u00e9n sobre dicho tramo se reemplazar\u00e1 la calzada sumergible existente.<\/p>\n","protected":false},"excerpt":{"rendered":"<p>\u201cHay que salir r\u00e1pidamente de esta coyuntura financiera que en el pa\u00eds hace que hoy sea m\u00e1s rentable lo especulativo por sobre lo productivo, y para ello se deben tener pol\u00edticas p\u00fablicas que propendan a ese objetivo\u201d, expres\u00f3 este martes el gobernador Gustavo Bordet &nbsp; &nbsp; &nbsp; &nbsp; \u201cNo se puede realizar un ajuste presupuestario sobre salarios, jubilaciones o gasto social. A las econom\u00edas hay que hacerlas por otro lado\u201d, sostuvo el mandatario consultado por la prensa durante la firma de contratos de inicio de obras por 47,5 millones de&#8230;<\/p>\n","protected":false},"author":3,"featured_media":33653,"comment_status":"closed","ping_status":"closed","sticky":false,"template":"","format":"standard","meta":[],"categories":[15],"tags":[],"_links":{"self":[{"href":"https:\/\/www.actualidadadiario.com\/index.php\/wp-json\/wp\/v2\/posts\/33652"}],"collection":[{"href":"https:\/\/www.actualidadadiario.com\/index.php\/wp-json\/wp\/v2\/posts"}],"about":[{"href":"https:\/\/www.actualidadadiario.com\/index.php\/wp-json\/wp\/v2\/types\/post"}],"author":[{"embeddable":true,"href":"https:\/\/www.actualidadadiario.com\/index.php\/wp-json\/wp\/v2\/users\/3"}],"replies":[{"embeddable":true,"href":"https:\/\/www.actualidadadiario.com\/index.php\/wp-json\/wp\/v2\/comments?post=33652"}],"version-history":[{"count":1,"href":"https:\/\/www.actualidadadiario.com\/index.php\/wp-json\/wp\/v2\/posts\/33652\/revisions"}],"predecessor-version":[{"id":33654,"href":"https:\/\/www.actualidadadiario.com\/index.php\/wp-json\/wp\/v2\/posts\/33652\/revisions\/33654"}],"wp:featuredmedia":[{"embeddable":true,"href":"https:\/\/www.actualidadadiario.com\/index.php\/wp-json\/wp\/v2\/media\/33653"}],"wp:attachment":[{"href":"https:\/\/www.actualidadadiario.com\/index.php\/wp-json\/wp\/v2\/media?parent=33652"}],"wp:term":[{"taxonomy":"category","embeddable":true,"href":"https:\/\/www.actualidadadiario.com\/index.php\/wp-json\/wp\/v2\/categories?post=33652"},{"taxonomy":"post_tag","embeddable":true,"href":"https:\/\/www.actualidadadiario.com\/index.php\/wp-json\/wp\/v2\/tags?post=33652"}],"curies":[{"name":"wp","href":"https:\/\/api.w.org\/{rel}","templated":true}]}}