{"id":33640,"date":"2018-09-25T10:38:32","date_gmt":"2018-09-25T13:38:32","guid":{"rendered":"https:\/\/www.actualidadadiario.com\/?p=33640"},"modified":"2019-05-06T20:57:37","modified_gmt":"2019-05-06T23:57:37","slug":"por-que-no-para-de-crecer-el-cultivo-de-coca-en-colombia","status":"publish","type":"post","link":"https:\/\/www.actualidadadiario.com\/index.php\/2018\/09\/25\/por-que-no-para-de-crecer-el-cultivo-de-coca-en-colombia\/","title":{"rendered":"\u00bfPor qu\u00e9 no para de crecer el cultivo de coca en Colombia?"},"content":{"rendered":"<p><em><strong>La producci\u00f3n de coca lleg\u00f3 a su m\u00e1ximo hist\u00f3rico. La advertencia de la ONU<\/strong><\/em><\/p>\n<p>&nbsp;<\/p>\n<p>&nbsp;<\/p>\n<p>&nbsp;<\/p>\n<p>&nbsp;<\/p>\n<p>La producci\u00f3n de coca lleg\u00f3 a su m\u00e1ximo hist\u00f3rico en Colombia mientras que Naciones Unidas contabiliz\u00f3 171.000 hect\u00e1reas sembradas en 2017, la cifra m\u00e1s alta desde 1999, cuando se empez\u00f3 a medirlas. El aumento es paralelo a la puesta en marcha de las pol\u00edticas que nacieron del Acuerdo con las FARC en 2016.<\/p>\n<p>&nbsp;<\/p>\n<p>El jueves 20 la Oficina de Naciones Unidas contra la Droga y el Delito (Unodc) present\u00f3 un informe pedido por el Ministerio de Justicia colombiano en el que se indica que hubo 17% de aumento en la siembra de coca respecto al a\u00f1o anterior. Aunque el crecimiento se dio de forma m\u00e1s lenta, ocurri\u00f3 mientras se desarrolla el Programa Nacional Integral de Sustituci\u00f3n de Cultivos Il\u00edcitos (PNIS), cita la agencia Sputnik.<\/p>\n<p>&nbsp;<\/p>\n<p>Las cifras fueron publicadas con meses de retraso; anualmente son reveladas entre junio y julio. El anterior Gobierno de Juan Manuel Santos prefiri\u00f3 realizar la transici\u00f3n de mando sin los resultados a la vista. Ser\u00e1 el equipo de Iv\u00e1n Duque el que decida qu\u00e9 acciones tomar, se\u00f1al\u00f3 a Sputnik Juan Carlos Garz\u00f3n, director de Din\u00e1micas del Conflicto y Negociaciones, de la Fundaci\u00f3n Ideas para la Paz.<\/p>\n<p>&nbsp;<\/p>\n<p>Uno de los escenarios posibles es que el Gobierno se vea tentado o urgido por &#8220;implementar medidas que den resultados en lo inmediato&#8221;, lo que traer\u00eda aparejado una pol\u00edtica de &#8220;confrontaci\u00f3n con las comunidades y aumento de la erradicaci\u00f3n forzada, movilizaciones sociales, enfrentamientos&#8221;, y el desaf\u00edo de evitar la resiembra en las zonas donde se prohibi\u00f3 a la fuerza.<\/p>\n<p>&nbsp;<\/p>\n<p>El otro posible escenario es el de lograr una &#8220;pol\u00edtica integral, articulada, integrada, que concerte con las comunidades&#8221;; un objetivo a largo plazo. Dadas las condiciones actuales, Garz\u00f3n cree que est\u00e1n m\u00e1s cerca del primer escenario. &#8220;Hay mucha presi\u00f3n, poca paciencia y recursos muy limitados&#8221;, asegur\u00f3.<\/p>\n<p>&nbsp;<\/p>\n<p>&nbsp;<\/p>\n<p><strong>Crece pero m\u00e1s lento<\/strong><\/p>\n<p>El informe indica que siguen creciendo los sembrados, pero no tan r\u00e1pido; que los lugares donde se produce y donde est\u00e1n los grupos armados ilegales coinciden, y que se est\u00e1 dando un &#8220;efecto globo&#8221;, ya que en las zonas donde m\u00e1s se redujo la plantaci\u00f3n, est\u00e1n al lado de las zonas donde m\u00e1s aument\u00f3.<\/p>\n<p>&nbsp;<\/p>\n<p>Garz\u00f3n explic\u00f3 que durante las negociaciones entre el Gobierno colombiano y las Farc, y desde que se empezaron a implementar los acuerdos logrados, &#8220;hubo vac\u00edo de pol\u00edtica p\u00fablica estrat\u00e9gica&#8221; respecto a los cultivos.<\/p>\n<p>&nbsp;<\/p>\n<p>En 2017, cuando se establecieron en conjunto las nuevas metas, &#8220;se empez\u00f3 a ver la implementaci\u00f3n de los acuerdos en territorio [\u2026] y que en aquellas zonas que se intervino, los cultivos disminuyeron&#8221;.<\/p>\n<p>&nbsp;<\/p>\n<p>El haber logrado avanzar\u00a0 implic\u00f3 que uno de los &#8220;efectos colaterales&#8221; haya sido el aumento del cultivo en zonas aleda\u00f1as. Es una consecuencia estudiada, &#8220;com\u00fan&#8221;.<\/p>\n<p>&nbsp;<\/p>\n<p>&#8220;Por ejemplo, cuando se aplicaba aspersi\u00f3n a\u00e9rea en algunas zonas, los cultivos migraron a zonas donde no se pod\u00eda hacer. Cuando se intervino un departamento de manera muy fuerte, Putumayo, los cultivos migraron hacia Nari\u00f1o&#8221;, record\u00f3 Garz\u00f3n.<\/p>\n","protected":false},"excerpt":{"rendered":"<p>La producci\u00f3n de coca lleg\u00f3 a su m\u00e1ximo hist\u00f3rico. La advertencia de la ONU &nbsp; &nbsp; &nbsp; &nbsp; La producci\u00f3n de coca lleg\u00f3 a su m\u00e1ximo hist\u00f3rico en Colombia mientras que Naciones Unidas contabiliz\u00f3 171.000 hect\u00e1reas sembradas en 2017, la cifra m\u00e1s alta desde 1999, cuando se empez\u00f3 a medirlas. El aumento es paralelo a la puesta en marcha de las pol\u00edticas que nacieron del Acuerdo con las FARC en 2016. &nbsp; El jueves 20 la Oficina de Naciones Unidas contra la Droga y el Delito (Unodc) present\u00f3 un informe&#8230;<\/p>\n","protected":false},"author":3,"featured_media":33641,"comment_status":"closed","ping_status":"closed","sticky":false,"template":"","format":"standard","meta":[],"categories":[4],"tags":[],"_links":{"self":[{"href":"https:\/\/www.actualidadadiario.com\/index.php\/wp-json\/wp\/v2\/posts\/33640"}],"collection":[{"href":"https:\/\/www.actualidadadiario.com\/index.php\/wp-json\/wp\/v2\/posts"}],"about":[{"href":"https:\/\/www.actualidadadiario.com\/index.php\/wp-json\/wp\/v2\/types\/post"}],"author":[{"embeddable":true,"href":"https:\/\/www.actualidadadiario.com\/index.php\/wp-json\/wp\/v2\/users\/3"}],"replies":[{"embeddable":true,"href":"https:\/\/www.actualidadadiario.com\/index.php\/wp-json\/wp\/v2\/comments?post=33640"}],"version-history":[{"count":1,"href":"https:\/\/www.actualidadadiario.com\/index.php\/wp-json\/wp\/v2\/posts\/33640\/revisions"}],"predecessor-version":[{"id":33642,"href":"https:\/\/www.actualidadadiario.com\/index.php\/wp-json\/wp\/v2\/posts\/33640\/revisions\/33642"}],"wp:featuredmedia":[{"embeddable":true,"href":"https:\/\/www.actualidadadiario.com\/index.php\/wp-json\/wp\/v2\/media\/33641"}],"wp:attachment":[{"href":"https:\/\/www.actualidadadiario.com\/index.php\/wp-json\/wp\/v2\/media?parent=33640"}],"wp:term":[{"taxonomy":"category","embeddable":true,"href":"https:\/\/www.actualidadadiario.com\/index.php\/wp-json\/wp\/v2\/categories?post=33640"},{"taxonomy":"post_tag","embeddable":true,"href":"https:\/\/www.actualidadadiario.com\/index.php\/wp-json\/wp\/v2\/tags?post=33640"}],"curies":[{"name":"wp","href":"https:\/\/api.w.org\/{rel}","templated":true}]}}