{"id":33637,"date":"2018-09-25T10:37:56","date_gmt":"2018-09-25T13:37:56","guid":{"rendered":"https:\/\/www.actualidadadiario.com\/?p=33637"},"modified":"2018-11-06T19:37:09","modified_gmt":"2018-11-06T22:37:09","slug":"la-primera-ministra-de-nueva-zelanda-en-la-onu-y-con-su-bebe-de-3-meses","status":"publish","type":"post","link":"https:\/\/www.actualidadadiario.com\/index.php\/2018\/09\/25\/la-primera-ministra-de-nueva-zelanda-en-la-onu-y-con-su-bebe-de-3-meses\/","title":{"rendered":"La primera ministra de Nueva Zelanda, en la ONU y con su beb\u00e9 de 3 meses"},"content":{"rendered":"<p><em><strong>La primera ministra de Nueva Zelanda hace historia en las Naciones Unidas<\/strong><\/em><\/p>\n<p>&nbsp;<\/p>\n<p>&nbsp;<\/p>\n<p>&nbsp;<\/p>\n<p>&nbsp;<\/p>\n<p>&nbsp;<\/p>\n<p>La primera ministra de Nueva Zelanda, Jacinda Ardern, ha acudido a las sesiones de trabajo en la sede de Naciones Unidas (ONU) con su hija de tres meses, en un gesto sin precedentes y con el que vuelve a demostrar su voluntad de compaginar su labor al frente del Gobierno con su reciente maternidad.<\/p>\n<p>&nbsp;<\/p>\n<p>Ardern, de 38 a\u00f1os, debuta esta semana como l\u00edder de Nueva Zelanda en los numerosos actos organizados en Nueva York coincidiendo con la Asamblea General de Naciones Unidas. Despu\u00e9s de dar a luz, ya anunci\u00f3 que su hija, Neve Te Aroha, la acompa\u00f1ar\u00eda a viajes sociales para poder mantener la lactancia materna.<\/p>\n<p>&nbsp;<\/p>\n<p>La jefa del Gobierno neozeland\u00e9s ha acudido con su beb\u00e9 y su marido, que ejerce de cuidador de la ni\u00f1a, y tras participar el lunes en la Cumbre de Paz Nelson Mandela pronunciar\u00e1 el jueves su primer discurso ante la Asamblea General de Naciones Unidas. &#8220;Tengo suerte. Tengo unos apoyos incre\u00edbles. Puedo llevar a mi hija al trabajo, algo que no ocurre en todos los casos&#8221;, declar\u00f3 el domingo Ardern durante otro acto en Nueva York en el que abog\u00f3 por &#8220;una cultura en la que las madres y los ni\u00f1os sean parte del entorno laboral&#8221;.<\/p>\n<p>&nbsp;<\/p>\n<p>El moderador del evento aludi\u00f3 en un momento a la presencia de la ni\u00f1a y a lo tranquila que esta se encontraba, a lo que Arden respondi\u00f3 con iron\u00eda: &#8220;No lo estaba a las 3.30 de la ma\u00f1ana&#8221;.<\/p>\n","protected":false},"excerpt":{"rendered":"<p>La primera ministra de Nueva Zelanda hace historia en las Naciones Unidas &nbsp; &nbsp; &nbsp; &nbsp; &nbsp; La primera ministra de Nueva Zelanda, Jacinda Ardern, ha acudido a las sesiones de trabajo en la sede de Naciones Unidas (ONU) con su hija de tres meses, en un gesto sin precedentes y con el que vuelve a demostrar su voluntad de compaginar su labor al frente del Gobierno con su reciente maternidad. &nbsp; Ardern, de 38 a\u00f1os, debuta esta semana como l\u00edder de Nueva Zelanda en los numerosos actos organizados en&#8230;<\/p>\n","protected":false},"author":3,"featured_media":33638,"comment_status":"closed","ping_status":"closed","sticky":false,"template":"","format":"standard","meta":[],"categories":[4],"tags":[],"_links":{"self":[{"href":"https:\/\/www.actualidadadiario.com\/index.php\/wp-json\/wp\/v2\/posts\/33637"}],"collection":[{"href":"https:\/\/www.actualidadadiario.com\/index.php\/wp-json\/wp\/v2\/posts"}],"about":[{"href":"https:\/\/www.actualidadadiario.com\/index.php\/wp-json\/wp\/v2\/types\/post"}],"author":[{"embeddable":true,"href":"https:\/\/www.actualidadadiario.com\/index.php\/wp-json\/wp\/v2\/users\/3"}],"replies":[{"embeddable":true,"href":"https:\/\/www.actualidadadiario.com\/index.php\/wp-json\/wp\/v2\/comments?post=33637"}],"version-history":[{"count":1,"href":"https:\/\/www.actualidadadiario.com\/index.php\/wp-json\/wp\/v2\/posts\/33637\/revisions"}],"predecessor-version":[{"id":33639,"href":"https:\/\/www.actualidadadiario.com\/index.php\/wp-json\/wp\/v2\/posts\/33637\/revisions\/33639"}],"wp:featuredmedia":[{"embeddable":true,"href":"https:\/\/www.actualidadadiario.com\/index.php\/wp-json\/wp\/v2\/media\/33638"}],"wp:attachment":[{"href":"https:\/\/www.actualidadadiario.com\/index.php\/wp-json\/wp\/v2\/media?parent=33637"}],"wp:term":[{"taxonomy":"category","embeddable":true,"href":"https:\/\/www.actualidadadiario.com\/index.php\/wp-json\/wp\/v2\/categories?post=33637"},{"taxonomy":"post_tag","embeddable":true,"href":"https:\/\/www.actualidadadiario.com\/index.php\/wp-json\/wp\/v2\/tags?post=33637"}],"curies":[{"name":"wp","href":"https:\/\/api.w.org\/{rel}","templated":true}]}}