{"id":33631,"date":"2018-09-25T10:36:07","date_gmt":"2018-09-25T13:36:07","guid":{"rendered":"https:\/\/www.actualidadadiario.com\/?p=33631"},"modified":"2018-11-06T19:37:09","modified_gmt":"2018-11-06T22:37:09","slug":"un-filme-no-arregla-cuentas-pendientes","status":"publish","type":"post","link":"https:\/\/www.actualidadadiario.com\/index.php\/2018\/09\/25\/un-filme-no-arregla-cuentas-pendientes\/","title":{"rendered":"Un filme &#8220;no arregla cuentas pendientes&#8221;"},"content":{"rendered":"<p><em><strong>El director presenta &#8220;La noche de 12 a\u00f1os\u201d en San Sebasti\u00e1n<\/strong><\/em><\/p>\n<p>&nbsp;<\/p>\n<p>&nbsp;<\/p>\n<p>&nbsp;<\/p>\n<p>&nbsp;<\/p>\n<p>Una pel\u00edcula &#8220;no puede arreglar las cuentas pendientes que un pa\u00eds no puede arreglar&#8221;, dijo el cineasta uruguayo Alvaro Brechner, que present\u00f3 en el festival de cine de San Sebasti\u00e1n &#8220;La noche de 12 a\u00f1os&#8221;, sobre el cautiverio Jos\u00e9 Mujica y otros dos ex guerrilleros tupamaros durante la dictadura.<\/p>\n<p>&nbsp;<\/p>\n<p>El cine, consider\u00f3 Brechner, &#8220;no tiene una funci\u00f3n utilitaria, tiene que ser gratuito, el hecho de recordar no ajusta cuentas. Yo en esta pel\u00edcula lo que quise fue explorar la condici\u00f3n humana&#8221;. Estrenada en la pasada Mostra de Venecia se ha convertido en la pel\u00edcula m\u00e1s vista en Uruguay desde su estreno el pasado jueves, y en San Sebasti\u00e1n compite en la secci\u00f3n Horizontes Latinos.<\/p>\n<p>&nbsp;<\/p>\n<p>La cinta muestra las torturas y vejaciones que padecieron en la c\u00e1rcel Mujica, Mauricio Ronsencof y Eleuterio Fern\u00e1ndez.<\/p>\n<p>&nbsp;<\/p>\n<p>Los tres, interpretados por Antonio de la Torre, Alfonso Tort y el Chino Dar\u00edn, fueron sometidos a una nueva forma de tortura que, seg\u00fan la orden militar, dec\u00eda: &#8220;Como no pudimos matarles, vamos a volverles locos&#8221;, para lo que les tuvieron aislados de los otros presos durante 12 a\u00f1os. Se demuestra que &#8220;la resistencia y la dignidad moral y espiritual nunca deben ser subestimadas. Ante circunstancias tan extremas, la libertad interior del individuo permanece siempre y cuando exista mucha fuerza interior. El ser humano es capaz de atrocidades y tambi\u00e9n de milagros&#8221;, a\u00f1adi\u00f3 Brechner.<\/p>\n<p>&nbsp;<\/p>\n<p>El cineasta, de 42 a\u00f1os, cit\u00f3 a Jean-Paul Sartre: &#8220;Cada hombre es lo que hace con lo que hicieron de \u00e9l&#8221;.<\/p>\n<p>&nbsp;<\/p>\n<p>Esta es la tercera pel\u00edcula de Brechner despu\u00e9s de &#8220;Mal d\u00eda para pescar&#8221; y &#8220;Mr. Kaplan&#8221;.<\/p>\n<p>&nbsp;<\/p>\n<p>Horizontes Latinos fue inaugurada por la pel\u00edcula paraguaya &#8220;Las herederas&#8221;, de Marcelo Martinessi, tras conseguir dos Osos de Plata en el pasado festival de Berl\u00edn, y que narra el deterioro de la relaci\u00f3n de una pareja formada por dos mujeres, que adem\u00e1s se enfrentan a un desahucio.<\/p>\n<p>&nbsp;<\/p>\n<p>Martinessi, que considera dif\u00edcil cambiar los esquemas en su pa\u00eds, siente no obstante que la pel\u00edcula &#8220;empez\u00f3 a mover las fibras internas de la sociedad para que cambie&#8221;, dijo.<\/p>\n<p>&nbsp;<\/p>\n<p>&#8220;En Paraguay tenemos la idea de que una relaci\u00f3n es un encierro. Construimos murallas y nos encerramos. Por su historia de aislamiento no estamos acostumbrados a crear colectivos&#8221;, indic\u00f3.<\/p>\n","protected":false},"excerpt":{"rendered":"<p>El director presenta &#8220;La noche de 12 a\u00f1os\u201d en San Sebasti\u00e1n &nbsp; &nbsp; &nbsp; &nbsp; Una pel\u00edcula &#8220;no puede arreglar las cuentas pendientes que un pa\u00eds no puede arreglar&#8221;, dijo el cineasta uruguayo Alvaro Brechner, que present\u00f3 en el festival de cine de San Sebasti\u00e1n &#8220;La noche de 12 a\u00f1os&#8221;, sobre el cautiverio Jos\u00e9 Mujica y otros dos ex guerrilleros tupamaros durante la dictadura. &nbsp; El cine, consider\u00f3 Brechner, &#8220;no tiene una funci\u00f3n utilitaria, tiene que ser gratuito, el hecho de recordar no ajusta cuentas. Yo en esta pel\u00edcula lo&#8230;<\/p>\n","protected":false},"author":3,"featured_media":33634,"comment_status":"closed","ping_status":"closed","sticky":false,"template":"","format":"standard","meta":[],"categories":[4],"tags":[],"_links":{"self":[{"href":"https:\/\/www.actualidadadiario.com\/index.php\/wp-json\/wp\/v2\/posts\/33631"}],"collection":[{"href":"https:\/\/www.actualidadadiario.com\/index.php\/wp-json\/wp\/v2\/posts"}],"about":[{"href":"https:\/\/www.actualidadadiario.com\/index.php\/wp-json\/wp\/v2\/types\/post"}],"author":[{"embeddable":true,"href":"https:\/\/www.actualidadadiario.com\/index.php\/wp-json\/wp\/v2\/users\/3"}],"replies":[{"embeddable":true,"href":"https:\/\/www.actualidadadiario.com\/index.php\/wp-json\/wp\/v2\/comments?post=33631"}],"version-history":[{"count":1,"href":"https:\/\/www.actualidadadiario.com\/index.php\/wp-json\/wp\/v2\/posts\/33631\/revisions"}],"predecessor-version":[{"id":33632,"href":"https:\/\/www.actualidadadiario.com\/index.php\/wp-json\/wp\/v2\/posts\/33631\/revisions\/33632"}],"wp:featuredmedia":[{"embeddable":true,"href":"https:\/\/www.actualidadadiario.com\/index.php\/wp-json\/wp\/v2\/media\/33634"}],"wp:attachment":[{"href":"https:\/\/www.actualidadadiario.com\/index.php\/wp-json\/wp\/v2\/media?parent=33631"}],"wp:term":[{"taxonomy":"category","embeddable":true,"href":"https:\/\/www.actualidadadiario.com\/index.php\/wp-json\/wp\/v2\/categories?post=33631"},{"taxonomy":"post_tag","embeddable":true,"href":"https:\/\/www.actualidadadiario.com\/index.php\/wp-json\/wp\/v2\/tags?post=33631"}],"curies":[{"name":"wp","href":"https:\/\/api.w.org\/{rel}","templated":true}]}}