{"id":33628,"date":"2018-09-25T10:35:18","date_gmt":"2018-09-25T13:35:18","guid":{"rendered":"https:\/\/www.actualidadadiario.com\/?p=33628"},"modified":"2018-11-06T19:37:09","modified_gmt":"2018-11-06T22:37:09","slug":"en-medio-de-la-interna-por-el-rumbo-de-la-politica-monetaria-caputo-se-fue-del-banco-central","status":"publish","type":"post","link":"https:\/\/www.actualidadadiario.com\/index.php\/2018\/09\/25\/en-medio-de-la-interna-por-el-rumbo-de-la-politica-monetaria-caputo-se-fue-del-banco-central\/","title":{"rendered":"En medio de la interna por el rumbo de la pol\u00edtica monetaria, Caputo se fue del Banco Central"},"content":{"rendered":"<p><em><strong>Luis Caputo dio un portazo y present\u00f3 su renuncia a la conducci\u00f3n del Banco Central, en medio de una disputa interna -nunca blanqueada- en las entra\u00f1as del Gobierno por el manejo de la pol\u00edtica monetaria<\/strong><\/em><\/p>\n<p>&nbsp;<\/p>\n<p>&nbsp;<\/p>\n<p>&nbsp;<\/p>\n<p>&nbsp;<\/p>\n<p>Seg\u00fan el comunicado oficial, Caputo le present\u00f3 la renuncia al presidente Mauricio Macri, quien se encuentra a\u00fan en Nueva York junto al ministro de Hacienda, Nicol\u00e1s Dujovne, en una misi\u00f3n que busca cerrar un nuevo acuerdo con el FMI para ampliar el pr\u00e9stamo de u$s 50.000 millones y llevar calma a los mercados en medio de la &#8220;tormenta&#8221; financiera que atraviesa el pa\u00eds.<\/p>\n<p>&nbsp;<\/p>\n<p>Sin embargo, el trasfondo de poder que hay detr\u00e1s del alejamiento es el del rumbo de la pol\u00edtica econ\u00f3mica. Nunca se blanque\u00f3 en p\u00fablico, pero son conocidas las diferencias entre Caputo y Dujovne. Tanto as\u00ed que el saliente titular del Central, uno hombre netamente de los mercados, se baj\u00f3 semanas atr\u00e1s de la misi\u00f3n que encabez\u00f3 el ministro de Hacienda para negociar el nuevo acuerdo con el FMI.<\/p>\n<p>&nbsp;<\/p>\n<p>&#8220;Esta renuncia se debe a motivos personales, con la convicci\u00f3n de que el nuevo acuerdo con el Fondo Monetario Internacional reestablecer\u00e1 la confianza acerca de la situaci\u00f3n fiscal, financiera, monetaria y cambiaria&#8221;, dice el comunicado oficial difundido por el BCRA.<\/p>\n","protected":false},"excerpt":{"rendered":"<p>Luis Caputo dio un portazo y present\u00f3 su renuncia a la conducci\u00f3n del Banco Central, en medio de una disputa interna -nunca blanqueada- en las entra\u00f1as del Gobierno por el manejo de la pol\u00edtica monetaria &nbsp; &nbsp; &nbsp; &nbsp; Seg\u00fan el comunicado oficial, Caputo le present\u00f3 la renuncia al presidente Mauricio Macri, quien se encuentra a\u00fan en Nueva York junto al ministro de Hacienda, Nicol\u00e1s Dujovne, en una misi\u00f3n que busca cerrar un nuevo acuerdo con el FMI para ampliar el pr\u00e9stamo de u$s 50.000 millones y llevar calma a&#8230;<\/p>\n","protected":false},"author":3,"featured_media":33629,"comment_status":"closed","ping_status":"closed","sticky":false,"template":"","format":"standard","meta":[],"categories":[9],"tags":[],"_links":{"self":[{"href":"https:\/\/www.actualidadadiario.com\/index.php\/wp-json\/wp\/v2\/posts\/33628"}],"collection":[{"href":"https:\/\/www.actualidadadiario.com\/index.php\/wp-json\/wp\/v2\/posts"}],"about":[{"href":"https:\/\/www.actualidadadiario.com\/index.php\/wp-json\/wp\/v2\/types\/post"}],"author":[{"embeddable":true,"href":"https:\/\/www.actualidadadiario.com\/index.php\/wp-json\/wp\/v2\/users\/3"}],"replies":[{"embeddable":true,"href":"https:\/\/www.actualidadadiario.com\/index.php\/wp-json\/wp\/v2\/comments?post=33628"}],"version-history":[{"count":1,"href":"https:\/\/www.actualidadadiario.com\/index.php\/wp-json\/wp\/v2\/posts\/33628\/revisions"}],"predecessor-version":[{"id":33630,"href":"https:\/\/www.actualidadadiario.com\/index.php\/wp-json\/wp\/v2\/posts\/33628\/revisions\/33630"}],"wp:featuredmedia":[{"embeddable":true,"href":"https:\/\/www.actualidadadiario.com\/index.php\/wp-json\/wp\/v2\/media\/33629"}],"wp:attachment":[{"href":"https:\/\/www.actualidadadiario.com\/index.php\/wp-json\/wp\/v2\/media?parent=33628"}],"wp:term":[{"taxonomy":"category","embeddable":true,"href":"https:\/\/www.actualidadadiario.com\/index.php\/wp-json\/wp\/v2\/categories?post=33628"},{"taxonomy":"post_tag","embeddable":true,"href":"https:\/\/www.actualidadadiario.com\/index.php\/wp-json\/wp\/v2\/tags?post=33628"}],"curies":[{"name":"wp","href":"https:\/\/api.w.org\/{rel}","templated":true}]}}