{"id":33625,"date":"2018-09-25T10:33:23","date_gmt":"2018-09-25T13:33:23","guid":{"rendered":"https:\/\/www.actualidadadiario.com\/?p=33625"},"modified":"2018-11-06T19:37:09","modified_gmt":"2018-11-06T22:37:09","slug":"macri-habla-en-nueva-york-ante-la-onu","status":"publish","type":"post","link":"https:\/\/www.actualidadadiario.com\/index.php\/2018\/09\/25\/macri-habla-en-nueva-york-ante-la-onu\/","title":{"rendered":"Macri habla en Nueva York ante la ONU"},"content":{"rendered":"<p><em><strong>Macri dar\u00e1 hoy, en Nueva York, su discurso ante la Asamblea General de la ONU mientras en Argentina se lleva a cabo el paro general<\/strong><\/em><\/p>\n<p>&nbsp;<\/p>\n<p>&nbsp;<\/p>\n<p>&nbsp;<\/p>\n<p>&nbsp;<\/p>\n<p>&nbsp;<\/p>\n<p>En coincidencia con el paro general en todo el pa\u00eds, el presidente, Mauricio Macri, brindar\u00e1 hoy en Nueva York su discurso ante la Asamblea General de la ONU, con el que buscar\u00e1 despejar dudas sobre la econom\u00eda argentina y restaurar la confianza del mercado internacional. En su segunda jornada de actividad oficial en la ciudad estadounidense, el mandatario participar\u00e1 de la apertura de la Asamblea de la ONU que est\u00e1 programada para las 8:00.<\/p>\n<p>&nbsp;<\/p>\n<p>Luego, asistir\u00e1 a una reuni\u00f3n de jefes de Estado del Mercosur, a las 11:00, donde los ejes centrales ser\u00e1n la situaci\u00f3n en Venezuela y la reactivaci\u00f3n de las negociaciones del acuerdo comercial con la Uni\u00f3n Europea. Al mediod\u00eda, Macri y otros mandatarios almorzar\u00e1n junto al secretario general de la ONU, el portugu\u00e9s Antonio Guterres. Seguidamente ser\u00e1 su exposici\u00f3n en la Asamblea, que se prev\u00e9 que comenzar\u00e1 cerca de las 16:15.<\/p>\n<p>&nbsp;<\/p>\n<p>En tanto, ser\u00e1 su segunda en los tres a\u00f1os que lleva como Presidente, ya que disert\u00f3 en 2016 mientras que el a\u00f1o pasado concurri\u00f3 la vicepresidenta Gabriela Michetti en su representaci\u00f3n.\u00a0 Este a\u00f1o su discurso ser\u00e1 no s\u00f3lo como mandatario de la Argentina, sino tambi\u00e9n como titular del G20, cuya cumbre se realizar\u00e1 en Buenos Aires en noviembre pr\u00f3ximo.<\/p>\n<p>&nbsp;<\/p>\n<p>La presencia de Macri en Nueva York se produce en medio de la expectativa sobre la inminente firma del nuevo acuerdo entre el Gobierno y el FMI para adelantar fondos que garanticen el financiamiento de la Argentina en 2019. En ese contexto, el Presidente mantuvo ayer un encuentro informal con la titular del Fondo Monetario Internacional, Christine Lagarde, quien participa de la Asamblea de la ONU.<\/p>\n<p>&nbsp;<\/p>\n<p>El jefe de Estado recibi\u00f3 el premio que reciben individuos que &#8216;han hecho una excepcional y distintiva contribuci\u00f3n para fortalecer la relaci\u00f3n transatl\u00e1ntica&#8217; y en la cena tambi\u00e9n fueron galardonados con la misma distinci\u00f3n la primera ministra de Noruega, Erna Solberg, y el CEO de Chobani, Hamdi Ulukaya.<\/p>\n","protected":false},"excerpt":{"rendered":"<p>Macri dar\u00e1 hoy, en Nueva York, su discurso ante la Asamblea General de la ONU mientras en Argentina se lleva a cabo el paro general &nbsp; &nbsp; &nbsp; &nbsp; &nbsp; En coincidencia con el paro general en todo el pa\u00eds, el presidente, Mauricio Macri, brindar\u00e1 hoy en Nueva York su discurso ante la Asamblea General de la ONU, con el que buscar\u00e1 despejar dudas sobre la econom\u00eda argentina y restaurar la confianza del mercado internacional. En su segunda jornada de actividad oficial en la ciudad estadounidense, el mandatario participar\u00e1 de&#8230;<\/p>\n","protected":false},"author":3,"featured_media":33626,"comment_status":"closed","ping_status":"closed","sticky":false,"template":"","format":"standard","meta":[],"categories":[18],"tags":[],"_links":{"self":[{"href":"https:\/\/www.actualidadadiario.com\/index.php\/wp-json\/wp\/v2\/posts\/33625"}],"collection":[{"href":"https:\/\/www.actualidadadiario.com\/index.php\/wp-json\/wp\/v2\/posts"}],"about":[{"href":"https:\/\/www.actualidadadiario.com\/index.php\/wp-json\/wp\/v2\/types\/post"}],"author":[{"embeddable":true,"href":"https:\/\/www.actualidadadiario.com\/index.php\/wp-json\/wp\/v2\/users\/3"}],"replies":[{"embeddable":true,"href":"https:\/\/www.actualidadadiario.com\/index.php\/wp-json\/wp\/v2\/comments?post=33625"}],"version-history":[{"count":1,"href":"https:\/\/www.actualidadadiario.com\/index.php\/wp-json\/wp\/v2\/posts\/33625\/revisions"}],"predecessor-version":[{"id":33627,"href":"https:\/\/www.actualidadadiario.com\/index.php\/wp-json\/wp\/v2\/posts\/33625\/revisions\/33627"}],"wp:featuredmedia":[{"embeddable":true,"href":"https:\/\/www.actualidadadiario.com\/index.php\/wp-json\/wp\/v2\/media\/33626"}],"wp:attachment":[{"href":"https:\/\/www.actualidadadiario.com\/index.php\/wp-json\/wp\/v2\/media?parent=33625"}],"wp:term":[{"taxonomy":"category","embeddable":true,"href":"https:\/\/www.actualidadadiario.com\/index.php\/wp-json\/wp\/v2\/categories?post=33625"},{"taxonomy":"post_tag","embeddable":true,"href":"https:\/\/www.actualidadadiario.com\/index.php\/wp-json\/wp\/v2\/tags?post=33625"}],"curies":[{"name":"wp","href":"https:\/\/api.w.org\/{rel}","templated":true}]}}