{"id":33622,"date":"2018-09-25T10:32:48","date_gmt":"2018-09-25T13:32:48","guid":{"rendered":"https:\/\/www.actualidadadiario.com\/?p=33622"},"modified":"2018-11-06T19:37:09","modified_gmt":"2018-11-06T22:37:09","slug":"un-reclamo-general-contra-las-politicas-de-ajuste","status":"publish","type":"post","link":"https:\/\/www.actualidadadiario.com\/index.php\/2018\/09\/25\/un-reclamo-general-contra-las-politicas-de-ajuste\/","title":{"rendered":"Un reclamo general contra las pol\u00edticas de ajuste"},"content":{"rendered":"<p><em><strong>Todos los gremios realizan hoy el cuarto paro general contra el gobierno de Mauricio Macri. Mientras el Presidente busca que el FMI le autorice m\u00e1s fondos para intentar controlar la debacle econ\u00f3mica, el rechazo al ajuste se corroborar\u00e1 con la medida de fuerza. La huelga general de los sindicatos del transporte garantiza la efectividad de la medida<\/strong><\/em><\/p>\n<p>&nbsp;<\/p>\n<p>&nbsp;<\/p>\n<p>&nbsp;<\/p>\n<p>&nbsp;<\/p>\n<p>A las 0 horas, la Confederaci\u00f3n General del Trabajo inici\u00f3 su paro general, el cuarto contra el gobierno de Mauricio Macri y seguramente el m\u00e1s contundente, de acuerdo a los especulaciones previas de los propios sindicalistas, dado el grado de deterioro social. A la protesta convocada en rechazo a las pol\u00edticas de la Casa Rosada adhirieron todos los gremios de transporte por lo que no habr\u00e1 ni colectivos, ni trenes, ni subtes, ni aviones. La apuesta es que el centro porte\u00f1o muestre un aspecto desolado.<\/p>\n<p>&nbsp;<\/p>\n<p>A la medida de la CGT se le agregan las ya iniciadas desde el mediod\u00eda del lunes por las dos CTA y los movimientos sociales. El reclamo es por reapertura de paritarias, la suspensi\u00f3n de despidos y la declaraci\u00f3n de la emergencia alimentaria, entre otras acciones para contrarrestar la crisis econ\u00f3mica disparada en los \u00faltimos meses.<\/p>\n<p>&nbsp;<\/p>\n<p>La estimaci\u00f3n es que ser\u00e1 una jornada con muy poco movimiento ya que desde las 0 horas se ver\u00e1n afectados el transporte p\u00fablico de pasajeros, el transporte de mercader\u00edas, la atenci\u00f3n en dependencias p\u00fablicas, el dictado de clases en las escuelas, la apertura de comercios y la actividad de bancos. Tampoco habr\u00e1 recolecci\u00f3n de basura, recarga de cajeros autom\u00e1ticos, ni provisi\u00f3n de combustibles, mientras que estar\u00e1n afectado el funcionamiento de los centros m\u00e9dicos, donde s\u00f3lo habr\u00e1 atenci\u00f3n en guardias y el SAME.<\/p>\n<p>&nbsp;<\/p>\n<p>Adem\u00e1s, agrupaciones de izquierda anunciaron que realizar\u00e1n cortes en los principales accesos a la Ciudad de Buenos Aires desde las 6. Los piquetes se ubicar\u00e1n en Panamericana y 197, Acceso Oeste a la altura del Hospital Posadas y en el Puente Pueyrred\u00f3n. Los cortes se replicar\u00e1n en las principales ciudades del pa\u00eds como La Plata, C\u00f3rdoba, Rosario, Mendoza, Neuqu\u00e9n, Jujuy y Tucum\u00e1n.<\/p>\n<p>&nbsp;<\/p>\n<p>Los miembros del triunvirato de la CGT junto a otros integrantes del Consejo Directivo seguir\u00e1n la jornada desde la sede de la calle Azopardo. A eso de las 14 dar\u00e1n a conocer su evaluaci\u00f3n de la medida de fuerza. El triunviro H\u00e9ctor Daer explic\u00f3 que la huelga apunta a conseguir &#8220;un cambio de rumbo&#8221; de parte del Gobierno y que se corrijan cuestiones de la actual pol\u00edtica econ\u00f3mica.<\/p>\n<p>&nbsp;<\/p>\n<p>&#8220;Y si no cambian tendremos que seguir adelante con la lucha. Y por supuesto la principal salida de esto es pol\u00edtica porque hay que buscar una alternativa pol\u00edtica para ganar las elecciones y despu\u00e9s gobernar con un acuerdo entre los sectores que piensan la Argentina y salir de este endeudamiento que nos van a dejar&#8221;, asegur\u00f3 Daer. Resalt\u00f3 el hecho que mientras se realice el paro, Macri se encuentre de viaje en Estados Unidos. &#8220;Tiene que entender que no solo tiene que rendir examen y llevar buenas nuevas a los especuladores financieros y a las autoridades del Fondo&#8221;, afirm\u00f3.<\/p>\n<p>&nbsp;<\/p>\n<p>A diferencia de las CTA y las organizaciones sociales, la CGT resolvi\u00f3 que el paro sea sin movilizaci\u00f3n. Daer lo justific\u00f3 diciendo que &#8220;la mejor foto&#8221; de una huelga es la que se ve a las estaciones de Constituci\u00f3n y Retiro vac\u00edas. &#8220;La mejor foto es que el pa\u00eds pare&#8221;, insisti\u00f3. Y, agreg\u00f3, que en caso de movilizaciones el riesgo es que la noticia se traslade a lo que pueda suceder en alg\u00fan piquete.<\/p>\n<p>&nbsp;<\/p>\n<p>En tanto, el titular de UPCN e integrante del sector moderado de la CGT de los &#8220;independientes&#8221;, Andr\u00e9s Rodr\u00edguez, tambi\u00e9n se\u00f1al\u00f3 que la gesti\u00f3n de Macri debe &#8220;tomar medidas claras&#8221; como &#8220;paritarias que actualicen la p\u00e9rdida de poder adquisitivo, un compromiso de protecci\u00f3n del empleo y declarar la emergencia alimentaria&#8221;.<\/p>\n<p>&nbsp;<\/p>\n<p>Como es habitual, el Gobierno se apresur\u00f3 a cuestionar la medida. &#8220;No es el momento oportuno&#8221;, dijo el ministro de Producci\u00f3n y Trabajo, Dante Sica, quien tambi\u00e9n adelant\u00f3 que trabajar\u00e1 para permitir la libre circulaci\u00f3n de los veh\u00edculos particulares. &#8220;Todos estamos haciendo un esfuerzo colectivo, empresarios, trabajadores, gobierno nacional y gobiernos provinciales, para superar esta crisis&#8221;, asegur\u00f3 Sica, en una rueda de prensa acompa\u00f1ado del ministro de Transporte, Guillermo Dietrich.<\/p>\n<p>&nbsp;<\/p>\n<p>Si bien ambos ministros evitaron hacer p\u00fablicamente una estimaci\u00f3n econ\u00f3mica del costo del paro, luego, por canales oficiosos, desde la Casa Rosada tiraron la cifra de 31.600 millones de pesos.<\/p>\n","protected":false},"excerpt":{"rendered":"<p>Todos los gremios realizan hoy el cuarto paro general contra el gobierno de Mauricio Macri. Mientras el Presidente busca que el FMI le autorice m\u00e1s fondos para intentar controlar la debacle econ\u00f3mica, el rechazo al ajuste se corroborar\u00e1 con la medida de fuerza. La huelga general de los sindicatos del transporte garantiza la efectividad de la medida &nbsp; &nbsp; &nbsp; &nbsp; A las 0 horas, la Confederaci\u00f3n General del Trabajo inici\u00f3 su paro general, el cuarto contra el gobierno de Mauricio Macri y seguramente el m\u00e1s contundente, de acuerdo a&#8230;<\/p>\n","protected":false},"author":3,"featured_media":33623,"comment_status":"closed","ping_status":"closed","sticky":false,"template":"","format":"standard","meta":[],"categories":[9],"tags":[],"_links":{"self":[{"href":"https:\/\/www.actualidadadiario.com\/index.php\/wp-json\/wp\/v2\/posts\/33622"}],"collection":[{"href":"https:\/\/www.actualidadadiario.com\/index.php\/wp-json\/wp\/v2\/posts"}],"about":[{"href":"https:\/\/www.actualidadadiario.com\/index.php\/wp-json\/wp\/v2\/types\/post"}],"author":[{"embeddable":true,"href":"https:\/\/www.actualidadadiario.com\/index.php\/wp-json\/wp\/v2\/users\/3"}],"replies":[{"embeddable":true,"href":"https:\/\/www.actualidadadiario.com\/index.php\/wp-json\/wp\/v2\/comments?post=33622"}],"version-history":[{"count":1,"href":"https:\/\/www.actualidadadiario.com\/index.php\/wp-json\/wp\/v2\/posts\/33622\/revisions"}],"predecessor-version":[{"id":33624,"href":"https:\/\/www.actualidadadiario.com\/index.php\/wp-json\/wp\/v2\/posts\/33622\/revisions\/33624"}],"wp:featuredmedia":[{"embeddable":true,"href":"https:\/\/www.actualidadadiario.com\/index.php\/wp-json\/wp\/v2\/media\/33623"}],"wp:attachment":[{"href":"https:\/\/www.actualidadadiario.com\/index.php\/wp-json\/wp\/v2\/media?parent=33622"}],"wp:term":[{"taxonomy":"category","embeddable":true,"href":"https:\/\/www.actualidadadiario.com\/index.php\/wp-json\/wp\/v2\/categories?post=33622"},{"taxonomy":"post_tag","embeddable":true,"href":"https:\/\/www.actualidadadiario.com\/index.php\/wp-json\/wp\/v2\/tags?post=33622"}],"curies":[{"name":"wp","href":"https:\/\/api.w.org\/{rel}","templated":true}]}}