{"id":33619,"date":"2018-09-25T10:32:04","date_gmt":"2018-09-25T13:32:04","guid":{"rendered":"https:\/\/www.actualidadadiario.com\/?p=33619"},"modified":"2018-11-06T19:37:09","modified_gmt":"2018-11-06T22:37:09","slug":"macri-dijo-que-ira-por-la-reeleccion","status":"publish","type":"post","link":"https:\/\/www.actualidadadiario.com\/index.php\/2018\/09\/25\/macri-dijo-que-ira-por-la-reeleccion\/","title":{"rendered":"Macri dijo que ir\u00e1 por la reelecci\u00f3n"},"content":{"rendered":"<p><em><strong>En una jornada en Nueva York destinada a mostrar al mundillo financiero una imagen de confianza y gobernabilidad, el presidente Mauricio Macri dijo en una entrevista con la agencia de noticias Bloomberg que &#8220;estaba listo para competir&#8221; por su reelecci\u00f3n en las elecciones del a\u00f1o que viene. &#8220;I am ready to run&#8221;, fue la respuesta durante el reportaje realizado en ingl\u00e9s<\/strong><\/em><\/p>\n<p>&nbsp;<\/p>\n<p>&nbsp;<\/p>\n<p>&nbsp;<\/p>\n<p>&nbsp;<\/p>\n<p>&nbsp;<\/p>\n<p>El Presidente dedic\u00f3 la ma\u00f1ana a atender a dos medios econ\u00f3micos. Primero desayun\u00f3 en la sede neoyorquina del diario financiero brit\u00e1nico Financial Times con empresarios e inversores. Luego se traslad\u00f3 al estudio televisivo de Bloomberg TV, la agencia de noticias de las finanzas. Dedicado a dar una idea de control de la cr\u00edtica situaci\u00f3n econ\u00f3mica, el Presidente descart\u00f3 un default y dio por hecho el acuerdo con el FMI, por lo que ahora estaban dadas las cosas como &#8220;para empezar a crecer&#8221;, algo que viene repitiendo desde que asumi\u00f3.<\/p>\n<p>&nbsp;<\/p>\n<p>&#8220;Hay un gran nivel de madurez de nuestros ciudadanos y entendemos que no hay atajos. Tenemos que solucionar los problemas, no podemos gastar m\u00e1s de lo que recibimos&#8221;, explic\u00f3. Al expresar que est\u00e1 listo para competir el a\u00f1o pr\u00f3ximo por la reelecci\u00f3n, agreg\u00f3 que a\u00fan tiene un nivel de apoyo &#8220;sorprendente para la regi\u00f3n&#8221;. No es claro qu\u00e9 quiso decir, tal vez compararse con el impopular presidente de Brasil, Michel Temer, de p\u00e9sima imagen.<\/p>\n<p>&nbsp;<\/p>\n<p>Lo consultaron sobre las chances de ganar los comicios con un presupuesto de ajuste y la poca atractiva promesa de d\u00e9ficit cero. &#8220;Es dif\u00edcil, pero estamos construyendo un nuevo pa\u00eds, una nueva sociedad basada en la cultura del trabajo, del esfuerzo. Les dije la verdad a los ciudadanos desde el primer d\u00eda. Estamos haciendo un gran esfuerzo y los resultados ser\u00e1n maravillosos&#8221;, respondi\u00f3.<\/p>\n","protected":false},"excerpt":{"rendered":"<p>En una jornada en Nueva York destinada a mostrar al mundillo financiero una imagen de confianza y gobernabilidad, el presidente Mauricio Macri dijo en una entrevista con la agencia de noticias Bloomberg que &#8220;estaba listo para competir&#8221; por su reelecci\u00f3n en las elecciones del a\u00f1o que viene. &#8220;I am ready to run&#8221;, fue la respuesta durante el reportaje realizado en ingl\u00e9s &nbsp; &nbsp; &nbsp; &nbsp; &nbsp; El Presidente dedic\u00f3 la ma\u00f1ana a atender a dos medios econ\u00f3micos. Primero desayun\u00f3 en la sede neoyorquina del diario financiero brit\u00e1nico Financial Times con&#8230;<\/p>\n","protected":false},"author":3,"featured_media":33620,"comment_status":"closed","ping_status":"closed","sticky":false,"template":"","format":"standard","meta":[],"categories":[18],"tags":[],"_links":{"self":[{"href":"https:\/\/www.actualidadadiario.com\/index.php\/wp-json\/wp\/v2\/posts\/33619"}],"collection":[{"href":"https:\/\/www.actualidadadiario.com\/index.php\/wp-json\/wp\/v2\/posts"}],"about":[{"href":"https:\/\/www.actualidadadiario.com\/index.php\/wp-json\/wp\/v2\/types\/post"}],"author":[{"embeddable":true,"href":"https:\/\/www.actualidadadiario.com\/index.php\/wp-json\/wp\/v2\/users\/3"}],"replies":[{"embeddable":true,"href":"https:\/\/www.actualidadadiario.com\/index.php\/wp-json\/wp\/v2\/comments?post=33619"}],"version-history":[{"count":1,"href":"https:\/\/www.actualidadadiario.com\/index.php\/wp-json\/wp\/v2\/posts\/33619\/revisions"}],"predecessor-version":[{"id":33621,"href":"https:\/\/www.actualidadadiario.com\/index.php\/wp-json\/wp\/v2\/posts\/33619\/revisions\/33621"}],"wp:featuredmedia":[{"embeddable":true,"href":"https:\/\/www.actualidadadiario.com\/index.php\/wp-json\/wp\/v2\/media\/33620"}],"wp:attachment":[{"href":"https:\/\/www.actualidadadiario.com\/index.php\/wp-json\/wp\/v2\/media?parent=33619"}],"wp:term":[{"taxonomy":"category","embeddable":true,"href":"https:\/\/www.actualidadadiario.com\/index.php\/wp-json\/wp\/v2\/categories?post=33619"},{"taxonomy":"post_tag","embeddable":true,"href":"https:\/\/www.actualidadadiario.com\/index.php\/wp-json\/wp\/v2\/tags?post=33619"}],"curies":[{"name":"wp","href":"https:\/\/api.w.org\/{rel}","templated":true}]}}