{"id":33616,"date":"2018-09-25T10:31:25","date_gmt":"2018-09-25T13:31:25","guid":{"rendered":"https:\/\/www.actualidadadiario.com\/?p=33616"},"modified":"2018-11-06T19:37:09","modified_gmt":"2018-11-06T22:37:09","slug":"el-indice-de-confianza-en-el-gobierno-cayo-a-niveles-del-final-de-cristina","status":"publish","type":"post","link":"https:\/\/www.actualidadadiario.com\/index.php\/2018\/09\/25\/el-indice-de-confianza-en-el-gobierno-cayo-a-niveles-del-final-de-cristina\/","title":{"rendered":"El \u00cdndice de Confianza en el Gobierno cay\u00f3 a niveles del final de Cristina"},"content":{"rendered":"<p><em><strong>La mala situaci\u00f3n econ\u00f3mica y la decepci\u00f3n por el manejo de la comunicaci\u00f3n del acuerdo con el FMI explican la disconformidad<\/strong><\/em><\/p>\n<p>&nbsp;<\/p>\n<p>&nbsp;<\/p>\n<p>&nbsp;<\/p>\n<p>&nbsp;<\/p>\n<p>El \u00cdndice de Confianza en el Gobierno (ICG) que elabora la Escuela de Gobierno de la Universidad Torcuato Di Tella (UTDT) anot\u00f3 en el mes de septiembre una ca\u00edda de 10% a 1,75 puntos en su escala que va de 0 a 5. De esta forma la aprobaci\u00f3n a la gesti\u00f3n de Mauricio Macri qued\u00f3 por debajo del 1,80 del final del gobierno de Cristina Fern\u00e1ndez.<\/p>\n<p>&nbsp;<\/p>\n<p>&#8220;En t\u00e9rminos interanuales la ca\u00edda fue de 39%. Por primera vez, el actual nivel de confianza en el gobierno es menor (por 0,05 puntos) al valor observado en el \u00faltimo mes de la gesti\u00f3n de Cristina Kirchner&#8221;, remarc\u00f3 el informe de la UTDT.<\/p>\n<p>&nbsp;<\/p>\n<p>Luego de tres meses de relativa estabilidad en septiembre Confianza en el Gobierno retom\u00f3 la tendencia a la baja. El documento da cuenta del impacto en la opini\u00f3n de la poblaci\u00f3n general sobre el Gobierno de la devaluaci\u00f3n del 30% del peso en el mes de agosto, la decisi\u00f3n de Macri de anunciar un acuerdo con el FMI que no estaba cerrado, la forma en la que se reestructur\u00f3 el organigrama del Estado nacional degradando &#8220;algunos ministerios con fuerte valor simb\u00f3lico, como los casos de Trabajo, de Salud y de Ciencia y Tecnolog\u00eda&#8221;.<\/p>\n<p>&nbsp;<\/p>\n<p>&#8220;Ese descenso parece reflejar, en lo econ\u00f3mico, la evoluci\u00f3n de la tendencia recesiva e inflacionaria de la econom\u00eda argentina, y la agudizaci\u00f3n de la crisis cambiaria; y en el plano pol\u00edtico, los anuncios presidenciales sobre acuerdos con el FMI que a\u00fan no se hab\u00edan negociado, o la manera en que se manej\u00f3 la reorganizaci\u00f3n ministerial&#8221;, detall\u00f3 el comunicado.<\/p>\n<p>&nbsp;<\/p>\n<p>El ICG de septiembre volvi\u00f3 a dar m\u00e1s alto entre las mujeres, entre quienes viven en la Ciudad de Buenos Aires y en el interior del pa\u00eds en comparaci\u00f3n con quienes residen en el Conurbano, y tambi\u00e9n dio m\u00e1s alto entre quienes tienen educaci\u00f3n terciaria o universitaria, entre las personas mayores de 50 a\u00f1os. Como es usual tambi\u00e9n volvi\u00f3 a dar mejor entre quienes son m\u00e1s optimistas sobre la situaci\u00f3n econ\u00f3mica del pa\u00eds dentro de un a\u00f1o, y entre quienes dicen no haber sido (ellos o sus familias) v\u00edctima de delitos en los \u00faltimos 12 meses.<\/p>\n<p>&nbsp;<\/p>\n<p>El ICG de septiembre volvi\u00f3 a dar m\u00e1s alto entre las mujeres, entre quienes viven en la Ciudad de Buenos Aires y en el interior del pa\u00eds en comparaci\u00f3n con quienes residen en el Conurbano, y tambi\u00e9n dio m\u00e1s alto entre quienes tienen educaci\u00f3n terciaria o universitaria, entre las personas mayores de 50 a\u00f1os. Como es usual tambi\u00e9n volvi\u00f3 a dar mejor entre quienes son m\u00e1s optimistas sobre la situaci\u00f3n econ\u00f3mica del pa\u00eds dentro de un a\u00f1o, y entre quienes dicen no haber sido (ellos o sus familias) v\u00edctima de delitos en los \u00faltimos 12 meses.<\/p>\n<p>&nbsp;<\/p>\n<p>De todos modos, este mes se registr\u00f3 una ca\u00edda para todas las categor\u00edas, aunque de manera m\u00e1s aguda entre quienes tienen s\u00f3lo educaci\u00f3n primaria (16,8%), quienes creen que la situaci\u00f3n econ\u00f3mica del pa\u00eds dentro de una a\u00f1o seguir\u00e1 igual (15,2%) o peor (18,0%), y quienes dicen haber sido v\u00edctimas de delitos (17,8%).<\/p>\n","protected":false},"excerpt":{"rendered":"<p>La mala situaci\u00f3n econ\u00f3mica y la decepci\u00f3n por el manejo de la comunicaci\u00f3n del acuerdo con el FMI explican la disconformidad &nbsp; &nbsp; &nbsp; &nbsp; El \u00cdndice de Confianza en el Gobierno (ICG) que elabora la Escuela de Gobierno de la Universidad Torcuato Di Tella (UTDT) anot\u00f3 en el mes de septiembre una ca\u00edda de 10% a 1,75 puntos en su escala que va de 0 a 5. De esta forma la aprobaci\u00f3n a la gesti\u00f3n de Mauricio Macri qued\u00f3 por debajo del 1,80 del final del gobierno de Cristina&#8230;<\/p>\n","protected":false},"author":3,"featured_media":33617,"comment_status":"closed","ping_status":"closed","sticky":false,"template":"","format":"standard","meta":[],"categories":[18],"tags":[],"_links":{"self":[{"href":"https:\/\/www.actualidadadiario.com\/index.php\/wp-json\/wp\/v2\/posts\/33616"}],"collection":[{"href":"https:\/\/www.actualidadadiario.com\/index.php\/wp-json\/wp\/v2\/posts"}],"about":[{"href":"https:\/\/www.actualidadadiario.com\/index.php\/wp-json\/wp\/v2\/types\/post"}],"author":[{"embeddable":true,"href":"https:\/\/www.actualidadadiario.com\/index.php\/wp-json\/wp\/v2\/users\/3"}],"replies":[{"embeddable":true,"href":"https:\/\/www.actualidadadiario.com\/index.php\/wp-json\/wp\/v2\/comments?post=33616"}],"version-history":[{"count":1,"href":"https:\/\/www.actualidadadiario.com\/index.php\/wp-json\/wp\/v2\/posts\/33616\/revisions"}],"predecessor-version":[{"id":33618,"href":"https:\/\/www.actualidadadiario.com\/index.php\/wp-json\/wp\/v2\/posts\/33616\/revisions\/33618"}],"wp:featuredmedia":[{"embeddable":true,"href":"https:\/\/www.actualidadadiario.com\/index.php\/wp-json\/wp\/v2\/media\/33617"}],"wp:attachment":[{"href":"https:\/\/www.actualidadadiario.com\/index.php\/wp-json\/wp\/v2\/media?parent=33616"}],"wp:term":[{"taxonomy":"category","embeddable":true,"href":"https:\/\/www.actualidadadiario.com\/index.php\/wp-json\/wp\/v2\/categories?post=33616"},{"taxonomy":"post_tag","embeddable":true,"href":"https:\/\/www.actualidadadiario.com\/index.php\/wp-json\/wp\/v2\/tags?post=33616"}],"curies":[{"name":"wp","href":"https:\/\/api.w.org\/{rel}","templated":true}]}}